{"id":47610,"date":"2024-05-07T18:13:19","date_gmt":"2024-05-07T23:13:19","guid":{"rendered":"https:\/\/everybrainmatters.org\/2024\/05\/07\/mi-hija-es-discapacitada-debido-a-los-danos-que-le-causo-el-delta-8-thc\/"},"modified":"2025-11-04T13:36:57","modified_gmt":"2025-11-04T19:36:57","slug":"mi-hija-es-discapacitada-debido-a-los-danos-que-le-causo-el-delta-8-thc","status":"publish","type":"post","link":"https:\/\/everybrainmatters.org\/es\/2024\/05\/07\/mi-hija-es-discapacitada-debido-a-los-danos-que-le-causo-el-delta-8-thc\/","title":{"rendered":"Mi hija es discapacitada debido a los da\u00f1os que le caus\u00f3 el Delta-8-THC"},"content":{"rendered":"\n<p>Mi hija era una estudiante de matr\u00edcula de honor bien adaptada que iba a la universidad.  <\/p>\n\n<p>En 2020, mi hija se gradu\u00f3 en el instituto, y fue entonces cuando empez\u00f3 a consumir Delta-8 escolar, que le provoc\u00f3 psicosis. Ella pensaba que el Delta-8 y otros productos con THC eran inofensivos porque proced\u00edan de plantas. <\/p>\n\n<p>Estaba catat\u00f3nica e intent\u00f3 ahorcarse en la unidad psiqui\u00e1trica del hospital. S\u00f3lo pesaba 102 libras porque estos productos tambi\u00e9n le provocaban muchos v\u00f3mitos, una enfermedad llamada s\u00edndrome de hiper\u00e9mesis cannabinoide. Apenas era capaz de hilvanar frases, incluso despu\u00e9s de salir del hospital. Esto dur\u00f3 meses.     <\/p>\n\n<p>Ha necesitado dos programas residenciales, tres hospitalizaciones parciales, tres episodios psic\u00f3ticos y seis hospitalizaciones, todo ello para intentar estabilizarla con medicamentos.  <\/p>\n\n<p>Desde que utiliza Delta-8 y otros productos con THC, mi hija padece ahora ansiedad, trastorno esquizoafectivo, trastorno l\u00edmite de la personalidad, bipolaridad y depresi\u00f3n grave.<\/p>\n\n<p>Mi hija es discapacitada debido a los da\u00f1os que le caus\u00f3 el THC.  <\/p>\n\n<p>\u00a1Hay que prohibir estos productos! Nuestro trabajo consiste en proteger a nuestros j\u00f3venes adultos con edad suficiente para tomar decisiones, pero sin la sabidur\u00eda suficiente para ver el peligro real que existe en el THC. Ella nunca volver\u00e1 a ser la misma, y nuestra familia tampoco.  <\/p>\n\n<p>Renea Auckland<\/p>\n","protected":false},"excerpt":{"rendered":"<p>Mi hija era una estudiante de matr\u00edcula de honor bien adaptada que iba a la universidad. En 2020, mi hija&#8230;<\/p>\n","protected":false},"author":11,"featured_media":47615,"comment_status":"open","ping_status":"closed","sticky":false,"template":"","format":"standard","meta":{"_acf_changed":false,"_editorskit_title_hidden":false,"_editorskit_reading_time":0,"_editorskit_is_block_options_detached":false,"_editorskit_block_options_position":"{}","footnotes":""},"categories":[3163,3162,3139,3130,3169,3127,3129],"tags":[3134,3253,3133,3161,3254],"class_list":["post-47610","post","type-post","status-publish","format-standard","has-post-thumbnail","hentry","category-canamo","category-delta-8","category-impactos-en-la-juventud","category-psicosis-inducida-por-cannabis","category-suicidio","category-testimonios","category-trastorno-por-consumo-de-cannabis","tag-cada-cerebro-importa","tag-delta-8","tag-psicosis","tag-sindrome-de-hiperemesis-cannabinoide","tag-trastorno-esquizoafectivo"],"acf":[],"yoast_head":"<!-- This site is optimized with the Yoast SEO plugin v26.1.1 - https:\/\/yoast.com\/wordpress\/plugins\/seo\/ -->\n<title>Mi hija es discapacitada debido a los da\u00f1os que le caus\u00f3 el Delta-8-THC - Every Brain Matters<\/title>\n<meta name=\"robots\" content=\"index, follow, max-snippet:-1, max-image-preview:large, max-video-preview:-1\" \/>\n<link rel=\"canonical\" href=\"https:\/\/everybrainmatters.org\/es\/2024\/05\/07\/mi-hija-es-discapacitada-debido-a-los-danos-que-le-causo-el-delta-8-thc\/\" \/>\n<meta property=\"og:locale\" content=\"es_ES\" \/>\n<meta property=\"og:type\" content=\"article\" \/>\n<meta property=\"og:title\" content=\"Mi hija es discapacitada debido a los da\u00f1os que le caus\u00f3 el Delta-8-THC - Every Brain Matters\" \/>\n<meta property=\"og:description\" content=\"Mi hija era una estudiante de matr\u00edcula de honor bien adaptada que iba a la universidad. En 2020, mi hija...\" \/>\n<meta property=\"og:url\" content=\"https:\/\/everybrainmatters.org\/es\/2024\/05\/07\/mi-hija-es-discapacitada-debido-a-los-danos-que-le-causo-el-delta-8-thc\/\" \/>\n<meta property=\"og:site_name\" content=\"Every Brain Matters\" \/>\n<meta property=\"article:published_time\" content=\"2024-05-07T23:13:19+00:00\" \/>\n<meta property=\"article:modified_time\" content=\"2025-11-04T19:36:57+00:00\" \/>\n<meta property=\"og:image\" content=\"https:\/\/everybrainmatters.org\/wp-content\/uploads\/Renea-Auckland.png\" \/>\n\t<meta property=\"og:image:width\" content=\"1280\" \/>\n\t<meta property=\"og:image:height\" content=\"720\" \/>\n\t<meta property=\"og:image:type\" content=\"image\/png\" \/>\n<meta name=\"author\" content=\"Aubree Adams\" \/>\n<meta name=\"twitter:card\" content=\"summary_large_image\" \/>\n<meta name=\"twitter:label1\" content=\"Written by\" \/>\n\t<meta name=\"twitter:data1\" content=\"Aubree Adams\" \/>\n\t<meta name=\"twitter:label2\" content=\"Est. reading time\" \/>\n\t<meta name=\"twitter:data2\" content=\"1 minuto\" \/>\n<script type=\"application\/ld+json\" class=\"yoast-schema-graph\">{\"@context\":\"https:\/\/schema.org\",\"@graph\":[{\"@type\":\"Article\",\"@id\":\"https:\/\/everybrainmatters.org\/es\/2024\/05\/07\/mi-hija-es-discapacitada-debido-a-los-danos-que-le-causo-el-delta-8-thc\/#article\",\"isPartOf\":{\"@id\":\"https:\/\/everybrainmatters.org\/es\/2024\/05\/07\/mi-hija-es-discapacitada-debido-a-los-danos-que-le-causo-el-delta-8-thc\/\"},\"author\":{\"name\":\"Aubree Adams\",\"@id\":\"https:\/\/everybrainmatters.org\/es\/#\/schema\/person\/4cf0fe82b0d1917ec6e18fb94bdb1b5a\"},\"headline\":\"Mi hija es discapacitada debido a los da\u00f1os que le caus\u00f3 el Delta-8-THC\",\"datePublished\":\"2024-05-07T23:13:19+00:00\",\"dateModified\":\"2025-11-04T19:36:57+00:00\",\"mainEntityOfPage\":{\"@id\":\"https:\/\/everybrainmatters.org\/es\/2024\/05\/07\/mi-hija-es-discapacitada-debido-a-los-danos-que-le-causo-el-delta-8-thc\/\"},\"wordCount\":235,\"commentCount\":0,\"publisher\":{\"@id\":\"https:\/\/everybrainmatters.org\/es\/#organization\"},\"image\":{\"@id\":\"https:\/\/everybrainmatters.org\/es\/2024\/05\/07\/mi-hija-es-discapacitada-debido-a-los-danos-que-le-causo-el-delta-8-thc\/#primaryimage\"},\"thumbnailUrl\":\"https:\/\/everybrainmatters.org\/wp-content\/uploads\/Renea-Auckland.png\",\"keywords\":[\"Cada cerebro importa\",\"Delta-8\",\"psicosis\",\"s\u00edndrome de hiperemesis cannabinoide\",\"trastorno esquizoafectivo\"],\"articleSection\":[\"C\u00e1\u00f1amo\",\"Delta 8\",\"Impactos en la juventud\",\"psicosis inducida por cannabis\",\"Suicidio\",\"Testimonios\",\"Trastorno por consumo de cannabis\"],\"inLanguage\":\"es-ES\",\"potentialAction\":[{\"@type\":\"CommentAction\",\"name\":\"Comment\",\"target\":[\"https:\/\/everybrainmatters.org\/es\/2024\/05\/07\/mi-hija-es-discapacitada-debido-a-los-danos-que-le-causo-el-delta-8-thc\/#respond\"]}]},{\"@type\":\"WebPage\",\"@id\":\"https:\/\/everybrainmatters.org\/es\/2024\/05\/07\/mi-hija-es-discapacitada-debido-a-los-danos-que-le-causo-el-delta-8-thc\/\",\"url\":\"https:\/\/everybrainmatters.org\/es\/2024\/05\/07\/mi-hija-es-discapacitada-debido-a-los-danos-que-le-causo-el-delta-8-thc\/\",\"name\":\"Mi hija es discapacitada debido a los da\u00f1os que le caus\u00f3 el Delta-8-THC - Every Brain Matters\",\"isPartOf\":{\"@id\":\"https:\/\/everybrainmatters.org\/es\/#website\"},\"primaryImageOfPage\":{\"@id\":\"https:\/\/everybrainmatters.org\/es\/2024\/05\/07\/mi-hija-es-discapacitada-debido-a-los-danos-que-le-causo-el-delta-8-thc\/#primaryimage\"},\"image\":{\"@id\":\"https:\/\/everybrainmatters.org\/es\/2024\/05\/07\/mi-hija-es-discapacitada-debido-a-los-danos-que-le-causo-el-delta-8-thc\/#primaryimage\"},\"thumbnailUrl\":\"https:\/\/everybrainmatters.org\/wp-content\/uploads\/Renea-Auckland.png\",\"datePublished\":\"2024-05-07T23:13:19+00:00\",\"dateModified\":\"2025-11-04T19:36:57+00:00\",\"breadcrumb\":{\"@id\":\"https:\/\/everybrainmatters.org\/es\/2024\/05\/07\/mi-hija-es-discapacitada-debido-a-los-danos-que-le-causo-el-delta-8-thc\/#breadcrumb\"},\"inLanguage\":\"es-ES\",\"potentialAction\":[{\"@type\":\"ReadAction\",\"target\":[\"https:\/\/everybrainmatters.org\/es\/2024\/05\/07\/mi-hija-es-discapacitada-debido-a-los-danos-que-le-causo-el-delta-8-thc\/\"]}]},{\"@type\":\"ImageObject\",\"inLanguage\":\"es-ES\",\"@id\":\"https:\/\/everybrainmatters.org\/es\/2024\/05\/07\/mi-hija-es-discapacitada-debido-a-los-danos-que-le-causo-el-delta-8-thc\/#primaryimage\",\"url\":\"https:\/\/everybrainmatters.org\/wp-content\/uploads\/Renea-Auckland.png\",\"contentUrl\":\"https:\/\/everybrainmatters.org\/wp-content\/uploads\/Renea-Auckland.png\",\"width\":1280,\"height\":720},{\"@type\":\"BreadcrumbList\",\"@id\":\"https:\/\/everybrainmatters.org\/es\/2024\/05\/07\/mi-hija-es-discapacitada-debido-a-los-danos-que-le-causo-el-delta-8-thc\/#breadcrumb\",\"itemListElement\":[{\"@type\":\"ListItem\",\"position\":1,\"name\":\"Home\",\"item\":\"https:\/\/everybrainmatters.org\/es\/\"},{\"@type\":\"ListItem\",\"position\":2,\"name\":\"Mi hija es discapacitada debido a los da\u00f1os que le caus\u00f3 el Delta-8-THC\"}]},{\"@type\":\"WebSite\",\"@id\":\"https:\/\/everybrainmatters.org\/es\/#website\",\"url\":\"https:\/\/everybrainmatters.org\/es\/\",\"name\":\"Every Brain Matters\",\"description\":\"\",\"publisher\":{\"@id\":\"https:\/\/everybrainmatters.org\/es\/#organization\"},\"potentialAction\":[{\"@type\":\"SearchAction\",\"target\":{\"@type\":\"EntryPoint\",\"urlTemplate\":\"https:\/\/everybrainmatters.org\/es\/?s={search_term_string}\"},\"query-input\":{\"@type\":\"PropertyValueSpecification\",\"valueRequired\":true,\"valueName\":\"search_term_string\"}}],\"inLanguage\":\"es-ES\"},{\"@type\":\"Organization\",\"@id\":\"https:\/\/everybrainmatters.org\/es\/#organization\",\"name\":\"Every Brain Matters\",\"url\":\"https:\/\/everybrainmatters.org\/es\/\",\"logo\":{\"@type\":\"ImageObject\",\"inLanguage\":\"es-ES\",\"@id\":\"https:\/\/everybrainmatters.org\/es\/#\/schema\/logo\/image\/\",\"url\":\"https:\/\/everybrainmatters.org\/wp-content\/uploads\/AllBrains_3.jpg\",\"contentUrl\":\"https:\/\/everybrainmatters.org\/wp-content\/uploads\/AllBrains_3.jpg\",\"width\":1000,\"height\":1087,\"caption\":\"Every Brain Matters\"},\"image\":{\"@id\":\"https:\/\/everybrainmatters.org\/es\/#\/schema\/logo\/image\/\"}},{\"@type\":\"Person\",\"@id\":\"https:\/\/everybrainmatters.org\/es\/#\/schema\/person\/4cf0fe82b0d1917ec6e18fb94bdb1b5a\",\"name\":\"Aubree Adams\",\"url\":\"https:\/\/everybrainmatters.org\/es\/author\/aubree\/\"}]}<\/script>\n<!-- \/ Yoast SEO plugin. -->","yoast_head_json":{"title":"Mi hija es discapacitada debido a los da\u00f1os que le caus\u00f3 el Delta-8-THC - Every Brain Matters","robots":{"index":"index","follow":"follow","max-snippet":"max-snippet:-1","max-image-preview":"max-image-preview:large","max-video-preview":"max-video-preview:-1"},"canonical":"https:\/\/everybrainmatters.org\/es\/2024\/05\/07\/mi-hija-es-discapacitada-debido-a-los-danos-que-le-causo-el-delta-8-thc\/","og_locale":"es_ES","og_type":"article","og_title":"Mi hija es discapacitada debido a los da\u00f1os que le caus\u00f3 el Delta-8-THC - Every Brain Matters","og_description":"Mi hija era una estudiante de matr\u00edcula de honor bien adaptada que iba a la universidad. En 2020, mi hija...","og_url":"https:\/\/everybrainmatters.org\/es\/2024\/05\/07\/mi-hija-es-discapacitada-debido-a-los-danos-que-le-causo-el-delta-8-thc\/","og_site_name":"Every Brain Matters","article_published_time":"2024-05-07T23:13:19+00:00","article_modified_time":"2025-11-04T19:36:57+00:00","og_image":[{"width":1280,"height":720,"url":"https:\/\/everybrainmatters.org\/wp-content\/uploads\/Renea-Auckland.png","type":"image\/png"}],"author":"Aubree Adams","twitter_card":"summary_large_image","twitter_misc":{"Written by":"Aubree Adams","Est. reading time":"1 minuto"},"schema":{"@context":"https:\/\/schema.org","@graph":[{"@type":"Article","@id":"https:\/\/everybrainmatters.org\/es\/2024\/05\/07\/mi-hija-es-discapacitada-debido-a-los-danos-que-le-causo-el-delta-8-thc\/#article","isPartOf":{"@id":"https:\/\/everybrainmatters.org\/es\/2024\/05\/07\/mi-hija-es-discapacitada-debido-a-los-danos-que-le-causo-el-delta-8-thc\/"},"author":{"name":"Aubree Adams","@id":"https:\/\/everybrainmatters.org\/es\/#\/schema\/person\/4cf0fe82b0d1917ec6e18fb94bdb1b5a"},"headline":"Mi hija es discapacitada debido a los da\u00f1os que le caus\u00f3 el Delta-8-THC","datePublished":"2024-05-07T23:13:19+00:00","dateModified":"2025-11-04T19:36:57+00:00","mainEntityOfPage":{"@id":"https:\/\/everybrainmatters.org\/es\/2024\/05\/07\/mi-hija-es-discapacitada-debido-a-los-danos-que-le-causo-el-delta-8-thc\/"},"wordCount":235,"commentCount":0,"publisher":{"@id":"https:\/\/everybrainmatters.org\/es\/#organization"},"image":{"@id":"https:\/\/everybrainmatters.org\/es\/2024\/05\/07\/mi-hija-es-discapacitada-debido-a-los-danos-que-le-causo-el-delta-8-thc\/#primaryimage"},"thumbnailUrl":"https:\/\/everybrainmatters.org\/wp-content\/uploads\/Renea-Auckland.png","keywords":["Cada cerebro importa","Delta-8","psicosis","s\u00edndrome de hiperemesis cannabinoide","trastorno esquizoafectivo"],"articleSection":["C\u00e1\u00f1amo","Delta 8","Impactos en la juventud","psicosis inducida por cannabis","Suicidio","Testimonios","Trastorno por consumo de cannabis"],"inLanguage":"es-ES","potentialAction":[{"@type":"CommentAction","name":"Comment","target":["https:\/\/everybrainmatters.org\/es\/2024\/05\/07\/mi-hija-es-discapacitada-debido-a-los-danos-que-le-causo-el-delta-8-thc\/#respond"]}]},{"@type":"WebPage","@id":"https:\/\/everybrainmatters.org\/es\/2024\/05\/07\/mi-hija-es-discapacitada-debido-a-los-danos-que-le-causo-el-delta-8-thc\/","url":"https:\/\/everybrainmatters.org\/es\/2024\/05\/07\/mi-hija-es-discapacitada-debido-a-los-danos-que-le-causo-el-delta-8-thc\/","name":"Mi hija es discapacitada debido a los da\u00f1os que le caus\u00f3 el Delta-8-THC - Every Brain Matters","isPartOf":{"@id":"https:\/\/everybrainmatters.org\/es\/#website"},"primaryImageOfPage":{"@id":"https:\/\/everybrainmatters.org\/es\/2024\/05\/07\/mi-hija-es-discapacitada-debido-a-los-danos-que-le-causo-el-delta-8-thc\/#primaryimage"},"image":{"@id":"https:\/\/everybrainmatters.org\/es\/2024\/05\/07\/mi-hija-es-discapacitada-debido-a-los-danos-que-le-causo-el-delta-8-thc\/#primaryimage"},"thumbnailUrl":"https:\/\/everybrainmatters.org\/wp-content\/uploads\/Renea-Auckland.png","datePublished":"2024-05-07T23:13:19+00:00","dateModified":"2025-11-04T19:36:57+00:00","breadcrumb":{"@id":"https:\/\/everybrainmatters.org\/es\/2024\/05\/07\/mi-hija-es-discapacitada-debido-a-los-danos-que-le-causo-el-delta-8-thc\/#breadcrumb"},"inLanguage":"es-ES","potentialAction":[{"@type":"ReadAction","target":["https:\/\/everybrainmatters.org\/es\/2024\/05\/07\/mi-hija-es-discapacitada-debido-a-los-danos-que-le-causo-el-delta-8-thc\/"]}]},{"@type":"ImageObject","inLanguage":"es-ES","@id":"https:\/\/everybrainmatters.org\/es\/2024\/05\/07\/mi-hija-es-discapacitada-debido-a-los-danos-que-le-causo-el-delta-8-thc\/#primaryimage","url":"https:\/\/everybrainmatters.org\/wp-content\/uploads\/Renea-Auckland.png","contentUrl":"https:\/\/everybrainmatters.org\/wp-content\/uploads\/Renea-Auckland.png","width":1280,"height":720},{"@type":"BreadcrumbList","@id":"https:\/\/everybrainmatters.org\/es\/2024\/05\/07\/mi-hija-es-discapacitada-debido-a-los-danos-que-le-causo-el-delta-8-thc\/#breadcrumb","itemListElement":[{"@type":"ListItem","position":1,"name":"Home","item":"https:\/\/everybrainmatters.org\/es\/"},{"@type":"ListItem","position":2,"name":"Mi hija es discapacitada debido a los da\u00f1os que le caus\u00f3 el Delta-8-THC"}]},{"@type":"WebSite","@id":"https:\/\/everybrainmatters.org\/es\/#website","url":"https:\/\/everybrainmatters.org\/es\/","name":"Every Brain Matters","description":"","publisher":{"@id":"https:\/\/everybrainmatters.org\/es\/#organization"},"potentialAction":[{"@type":"SearchAction","target":{"@type":"EntryPoint","urlTemplate":"https:\/\/everybrainmatters.org\/es\/?s={search_term_string}"},"query-input":{"@type":"PropertyValueSpecification","valueRequired":true,"valueName":"search_term_string"}}],"inLanguage":"es-ES"},{"@type":"Organization","@id":"https:\/\/everybrainmatters.org\/es\/#organization","name":"Every Brain Matters","url":"https:\/\/everybrainmatters.org\/es\/","logo":{"@type":"ImageObject","inLanguage":"es-ES","@id":"https:\/\/everybrainmatters.org\/es\/#\/schema\/logo\/image\/","url":"https:\/\/everybrainmatters.org\/wp-content\/uploads\/AllBrains_3.jpg","contentUrl":"https:\/\/everybrainmatters.org\/wp-content\/uploads\/AllBrains_3.jpg","width":1000,"height":1087,"caption":"Every Brain Matters"},"image":{"@id":"https:\/\/everybrainmatters.org\/es\/#\/schema\/logo\/image\/"}},{"@type":"Person","@id":"https:\/\/everybrainmatters.org\/es\/#\/schema\/person\/4cf0fe82b0d1917ec6e18fb94bdb1b5a","name":"Aubree Adams","url":"https:\/\/everybrainmatters.org\/es\/author\/aubree\/"}]}},"_links":{"self":[{"href":"https:\/\/everybrainmatters.org\/es\/wp-json\/wp\/v2\/posts\/47610","targetHints":{"allow":["GET"]}}],"collection":[{"href":"https:\/\/everybrainmatters.org\/es\/wp-json\/wp\/v2\/posts"}],"about":[{"href":"https:\/\/everybrainmatters.org\/es\/wp-json\/wp\/v2\/types\/post"}],"author":[{"embeddable":true,"href":"https:\/\/everybrainmatters.org\/es\/wp-json\/wp\/v2\/users\/11"}],"replies":[{"embeddable":true,"href":"https:\/\/everybrainmatters.org\/es\/wp-json\/wp\/v2\/comments?post=47610"}],"version-history":[{"count":0,"href":"https:\/\/everybrainmatters.org\/es\/wp-json\/wp\/v2\/posts\/47610\/revisions"}],"wp:featuredmedia":[{"embeddable":true,"href":"https:\/\/everybrainmatters.org\/es\/wp-json\/wp\/v2\/media\/47615"}],"wp:attachment":[{"href":"https:\/\/everybrainmatters.org\/es\/wp-json\/wp\/v2\/media?parent=47610"}],"wp:term":[{"taxonomy":"category","embeddable":true,"href":"https:\/\/everybrainmatters.org\/es\/wp-json\/wp\/v2\/categories?post=47610"},{"taxonomy":"post_tag","embeddable":true,"href":"https:\/\/everybrainmatters.org\/es\/wp-json\/wp\/v2\/tags?post=47610"}],"curies":[{"name":"wp","href":"https:\/\/api.w.org\/{rel}","templated":true}]}}