{"id":47624,"date":"2023-12-27T11:04:54","date_gmt":"2023-12-27T17:04:54","guid":{"rendered":"https:\/\/everybrainmatters.org\/2023\/12\/27\/mi-hijo-fue-un-estudiante-victima-del-tiroteo-de-parkland-ahora-es-adicto-al-thc-legalizado-a-nivel-federal-que-provoca-psicosis\/"},"modified":"2025-11-04T13:37:00","modified_gmt":"2025-11-04T19:37:00","slug":"mi-hijo-fue-un-estudiante-victima-del-tiroteo-de-parkland-ahora-es-adicto-al-thc-legalizado-a-nivel-federal-que-provoca-psicosis","status":"publish","type":"post","link":"https:\/\/everybrainmatters.org\/es\/2023\/12\/27\/mi-hijo-fue-un-estudiante-victima-del-tiroteo-de-parkland-ahora-es-adicto-al-thc-legalizado-a-nivel-federal-que-provoca-psicosis\/","title":{"rendered":"Mi hijo fue un estudiante v\u00edctima del tiroteo de Parkland. Ahora es adicto al THC legalizado a nivel federal, que provoca psicosis."},"content":{"rendered":"\n<p>Soy Emma, de Colombia, madre soltera divorciada de un estudiante v\u00edctima del tiroteo en el instituto Marjory Stoneman Douglas de Parkland, Florida.<\/p>\n\n<p>Mi hijo ha estado 7 veces en un hospital psiqui\u00e1trico y en 2 centros de rehabilitaci\u00f3n. Una vez tuvimos que recurrir a la Ley Marchman para obligarle a someterse a tratamiento porque era una amenaza para s\u00ed mismo y para los dem\u00e1s. Ha probado numerosos medicamentos.  <\/p>\n\n<p>Lo llev\u00e9 a Columbia para que recibiera tratamiento y, tras 7 meses de sobriedad y medicaci\u00f3n, mi hijo empez\u00f3 a reestructurar su cerebro y a curarse tras 5 a\u00f1os de adicci\u00f3n a los comestibles de marihuana con THC, delta-8 y delta-9. Estos productos son venenosos y hacen que mi hijo tenga m\u00faltiples episodios de psicosis. <\/p>\n\n<p>Como madre, no recomiendo ning\u00fan hospital de EEUU porque los psiquiatras no saben c\u00f3mo reducir la psicosis del THC, y lo \u00fanico que hacen es sobremedicarlos hasta el punto de que la medicina es peor que la propia droga. Tuve que luchar para sacar a mi hijo de EEUU para que dejara de estar en manos del sistema de salud mental, que est\u00e1 completamente roto. Fue muy duro, pero finalmente conseguimos superar esta situaci\u00f3n con la ayuda del padre de mi hijo, que vive en Colombia. El THC ha tra\u00eddo el infierno a nuestras vidas.     <\/p>\n\n<p>Recomiendo a cualquier padre que busque un entorno en el que conecte con la naturaleza, los animales y la meditaci\u00f3n, y que se ponga en manos de terapeutas que sepan manejar la situaci\u00f3n con amor. El psiquiatra de mi hijo empez\u00f3 a administrarle 3 medicamentos; ahora, s\u00f3lo toma 2 y est\u00e1 totalmente controlado por profesionales. Llamar a la polic\u00eda durante la psicosis de mi hijo s\u00f3lo generar\u00eda m\u00e1s miedo.    <\/p>\n\n<p>Esto es lo m\u00e1s duro que puede experimentar un padre a causa de la droga que destruye la vida, el THC.<\/p>\n\n<p>Tenemos que unirnos para ayudar a concienciar desde la escuela primaria sobre el peligro de este veneno que destruye el cerebro de nuestras familias, que es una parte normal de la sociedad estadounidense.<\/p>\n\n<p>Por desgracia, el peor error fue que mi hijo regres\u00f3 hace poco a Estados Unidos. Pens\u00f3 que tras 8 meses de sobriedad iba a reconducir su vida, pero lo que hizo fue volver a la marihuana sint\u00e9tica, lo que le llev\u00f3 de nuevo al hospital. No s\u00e9 qu\u00e9 m\u00e1s hacer.    <\/p>\n\n<p>A las tiendas de vapeo no les importa vender su tipo de marihuana Delta THC en gominolas, tabletas de chocolate y caramelos a cualquiera. La vida de mi hijo vuelve a estar en juego. <\/p>\n\n<p>Emma, madre colombiana<\/p>\n\n<p><\/p>\n","protected":false},"excerpt":{"rendered":"<p>Soy Emma, de Colombia, madre soltera divorciada de un estudiante v\u00edctima del tiroteo en el instituto Marjory Stoneman Douglas de&#8230;<\/p>\n","protected":false},"author":11,"featured_media":47626,"comment_status":"open","ping_status":"closed","sticky":false,"template":"","format":"standard","meta":{"_acf_changed":false,"_editorskit_title_hidden":false,"_editorskit_reading_time":0,"_editorskit_is_block_options_detached":false,"_editorskit_block_options_position":"{}","footnotes":""},"categories":[3126,3162,3139,3128,3130,3127],"tags":[3152,3134,3167,3153,3133,3252,3165],"class_list":["post-47624","post","type-post","status-publish","format-standard","has-post-thumbnail","hentry","category-adiccion-a-la-marihuana","category-delta-8","category-impactos-en-la-juventud","category-psicosis","category-psicosis-inducida-por-cannabis","category-testimonios","tag-adiccion","tag-cada-cerebro-importa","tag-canamo","tag-cannabis","tag-psicosis","tag-salud-mental","tag-thc"],"acf":[],"yoast_head":"<!-- This site is optimized with the Yoast SEO plugin v26.1.1 - https:\/\/yoast.com\/wordpress\/plugins\/seo\/ -->\n<title>Mi hijo fue un estudiante v\u00edctima del tiroteo de Parkland. Ahora es adicto al THC legalizado a nivel federal, que provoca psicosis. - Every Brain Matters<\/title>\n<meta name=\"robots\" content=\"index, follow, max-snippet:-1, max-image-preview:large, max-video-preview:-1\" \/>\n<link rel=\"canonical\" href=\"https:\/\/everybrainmatters.org\/es\/2023\/12\/27\/mi-hijo-fue-un-estudiante-victima-del-tiroteo-de-parkland-ahora-es-adicto-al-thc-legalizado-a-nivel-federal-que-provoca-psicosis\/\" \/>\n<meta property=\"og:locale\" content=\"es_ES\" \/>\n<meta property=\"og:type\" content=\"article\" \/>\n<meta property=\"og:title\" content=\"Mi hijo fue un estudiante v\u00edctima del tiroteo de Parkland. Ahora es adicto al THC legalizado a nivel federal, que provoca psicosis. - Every Brain Matters\" \/>\n<meta property=\"og:description\" content=\"Soy Emma, de Colombia, madre soltera divorciada de un estudiante v\u00edctima del tiroteo en el instituto Marjory Stoneman Douglas de...\" \/>\n<meta property=\"og:url\" content=\"https:\/\/everybrainmatters.org\/es\/2023\/12\/27\/mi-hijo-fue-un-estudiante-victima-del-tiroteo-de-parkland-ahora-es-adicto-al-thc-legalizado-a-nivel-federal-que-provoca-psicosis\/\" \/>\n<meta property=\"og:site_name\" content=\"Every Brain Matters\" \/>\n<meta property=\"article:published_time\" content=\"2023-12-27T17:04:54+00:00\" \/>\n<meta property=\"article:modified_time\" content=\"2025-11-04T19:37:00+00:00\" \/>\n<meta property=\"og:image\" content=\"https:\/\/everybrainmatters.org\/wp-content\/uploads\/Emma-Monica-Giraldo-1.png\" \/>\n\t<meta property=\"og:image:width\" content=\"1280\" \/>\n\t<meta property=\"og:image:height\" content=\"720\" \/>\n\t<meta property=\"og:image:type\" content=\"image\/png\" \/>\n<meta name=\"author\" content=\"Aubree Adams\" \/>\n<meta name=\"twitter:card\" content=\"summary_large_image\" \/>\n<meta name=\"twitter:label1\" content=\"Written by\" \/>\n\t<meta name=\"twitter:data1\" content=\"Aubree Adams\" \/>\n\t<meta name=\"twitter:label2\" content=\"Est. reading time\" \/>\n\t<meta name=\"twitter:data2\" content=\"2 minutos\" \/>\n<script type=\"application\/ld+json\" class=\"yoast-schema-graph\">{\"@context\":\"https:\/\/schema.org\",\"@graph\":[{\"@type\":\"Article\",\"@id\":\"https:\/\/everybrainmatters.org\/es\/2023\/12\/27\/mi-hijo-fue-un-estudiante-victima-del-tiroteo-de-parkland-ahora-es-adicto-al-thc-legalizado-a-nivel-federal-que-provoca-psicosis\/#article\",\"isPartOf\":{\"@id\":\"https:\/\/everybrainmatters.org\/es\/2023\/12\/27\/mi-hijo-fue-un-estudiante-victima-del-tiroteo-de-parkland-ahora-es-adicto-al-thc-legalizado-a-nivel-federal-que-provoca-psicosis\/\"},\"author\":{\"name\":\"Aubree Adams\",\"@id\":\"https:\/\/everybrainmatters.org\/es\/#\/schema\/person\/4cf0fe82b0d1917ec6e18fb94bdb1b5a\"},\"headline\":\"Mi hijo fue un estudiante v\u00edctima del tiroteo de Parkland. Ahora es adicto al THC legalizado a nivel federal, que provoca psicosis.\",\"datePublished\":\"2023-12-27T17:04:54+00:00\",\"dateModified\":\"2025-11-04T19:37:00+00:00\",\"mainEntityOfPage\":{\"@id\":\"https:\/\/everybrainmatters.org\/es\/2023\/12\/27\/mi-hijo-fue-un-estudiante-victima-del-tiroteo-de-parkland-ahora-es-adicto-al-thc-legalizado-a-nivel-federal-que-provoca-psicosis\/\"},\"wordCount\":466,\"commentCount\":0,\"publisher\":{\"@id\":\"https:\/\/everybrainmatters.org\/es\/#organization\"},\"image\":{\"@id\":\"https:\/\/everybrainmatters.org\/es\/2023\/12\/27\/mi-hijo-fue-un-estudiante-victima-del-tiroteo-de-parkland-ahora-es-adicto-al-thc-legalizado-a-nivel-federal-que-provoca-psicosis\/#primaryimage\"},\"thumbnailUrl\":\"https:\/\/everybrainmatters.org\/wp-content\/uploads\/Emma-Monica-Giraldo-1.png\",\"keywords\":[\"Adicci\u00f3n\",\"Cada cerebro importa\",\"c\u00e1\u00f1amo\",\"Cannabis\",\"psicosis\",\"salud mental\",\"THC\"],\"articleSection\":[\"Adicci\u00f3n a la marihuana\",\"Delta 8\",\"Impactos en la juventud\",\"Psicosis\",\"psicosis inducida por cannabis\",\"Testimonios\"],\"inLanguage\":\"es-ES\",\"potentialAction\":[{\"@type\":\"CommentAction\",\"name\":\"Comment\",\"target\":[\"https:\/\/everybrainmatters.org\/es\/2023\/12\/27\/mi-hijo-fue-un-estudiante-victima-del-tiroteo-de-parkland-ahora-es-adicto-al-thc-legalizado-a-nivel-federal-que-provoca-psicosis\/#respond\"]}]},{\"@type\":\"WebPage\",\"@id\":\"https:\/\/everybrainmatters.org\/es\/2023\/12\/27\/mi-hijo-fue-un-estudiante-victima-del-tiroteo-de-parkland-ahora-es-adicto-al-thc-legalizado-a-nivel-federal-que-provoca-psicosis\/\",\"url\":\"https:\/\/everybrainmatters.org\/es\/2023\/12\/27\/mi-hijo-fue-un-estudiante-victima-del-tiroteo-de-parkland-ahora-es-adicto-al-thc-legalizado-a-nivel-federal-que-provoca-psicosis\/\",\"name\":\"Mi hijo fue un estudiante v\u00edctima del tiroteo de Parkland. Ahora es adicto al THC legalizado a nivel federal, que provoca psicosis. - Every Brain Matters\",\"isPartOf\":{\"@id\":\"https:\/\/everybrainmatters.org\/es\/#website\"},\"primaryImageOfPage\":{\"@id\":\"https:\/\/everybrainmatters.org\/es\/2023\/12\/27\/mi-hijo-fue-un-estudiante-victima-del-tiroteo-de-parkland-ahora-es-adicto-al-thc-legalizado-a-nivel-federal-que-provoca-psicosis\/#primaryimage\"},\"image\":{\"@id\":\"https:\/\/everybrainmatters.org\/es\/2023\/12\/27\/mi-hijo-fue-un-estudiante-victima-del-tiroteo-de-parkland-ahora-es-adicto-al-thc-legalizado-a-nivel-federal-que-provoca-psicosis\/#primaryimage\"},\"thumbnailUrl\":\"https:\/\/everybrainmatters.org\/wp-content\/uploads\/Emma-Monica-Giraldo-1.png\",\"datePublished\":\"2023-12-27T17:04:54+00:00\",\"dateModified\":\"2025-11-04T19:37:00+00:00\",\"breadcrumb\":{\"@id\":\"https:\/\/everybrainmatters.org\/es\/2023\/12\/27\/mi-hijo-fue-un-estudiante-victima-del-tiroteo-de-parkland-ahora-es-adicto-al-thc-legalizado-a-nivel-federal-que-provoca-psicosis\/#breadcrumb\"},\"inLanguage\":\"es-ES\",\"potentialAction\":[{\"@type\":\"ReadAction\",\"target\":[\"https:\/\/everybrainmatters.org\/es\/2023\/12\/27\/mi-hijo-fue-un-estudiante-victima-del-tiroteo-de-parkland-ahora-es-adicto-al-thc-legalizado-a-nivel-federal-que-provoca-psicosis\/\"]}]},{\"@type\":\"ImageObject\",\"inLanguage\":\"es-ES\",\"@id\":\"https:\/\/everybrainmatters.org\/es\/2023\/12\/27\/mi-hijo-fue-un-estudiante-victima-del-tiroteo-de-parkland-ahora-es-adicto-al-thc-legalizado-a-nivel-federal-que-provoca-psicosis\/#primaryimage\",\"url\":\"https:\/\/everybrainmatters.org\/wp-content\/uploads\/Emma-Monica-Giraldo-1.png\",\"contentUrl\":\"https:\/\/everybrainmatters.org\/wp-content\/uploads\/Emma-Monica-Giraldo-1.png\",\"width\":1280,\"height\":720},{\"@type\":\"BreadcrumbList\",\"@id\":\"https:\/\/everybrainmatters.org\/es\/2023\/12\/27\/mi-hijo-fue-un-estudiante-victima-del-tiroteo-de-parkland-ahora-es-adicto-al-thc-legalizado-a-nivel-federal-que-provoca-psicosis\/#breadcrumb\",\"itemListElement\":[{\"@type\":\"ListItem\",\"position\":1,\"name\":\"Home\",\"item\":\"https:\/\/everybrainmatters.org\/es\/\"},{\"@type\":\"ListItem\",\"position\":2,\"name\":\"Mi hijo fue un estudiante v\u00edctima del tiroteo de Parkland. Ahora es adicto al THC legalizado a nivel federal, que provoca psicosis.\"}]},{\"@type\":\"WebSite\",\"@id\":\"https:\/\/everybrainmatters.org\/es\/#website\",\"url\":\"https:\/\/everybrainmatters.org\/es\/\",\"name\":\"Every Brain Matters\",\"description\":\"\",\"publisher\":{\"@id\":\"https:\/\/everybrainmatters.org\/es\/#organization\"},\"potentialAction\":[{\"@type\":\"SearchAction\",\"target\":{\"@type\":\"EntryPoint\",\"urlTemplate\":\"https:\/\/everybrainmatters.org\/es\/?s={search_term_string}\"},\"query-input\":{\"@type\":\"PropertyValueSpecification\",\"valueRequired\":true,\"valueName\":\"search_term_string\"}}],\"inLanguage\":\"es-ES\"},{\"@type\":\"Organization\",\"@id\":\"https:\/\/everybrainmatters.org\/es\/#organization\",\"name\":\"Every Brain Matters\",\"url\":\"https:\/\/everybrainmatters.org\/es\/\",\"logo\":{\"@type\":\"ImageObject\",\"inLanguage\":\"es-ES\",\"@id\":\"https:\/\/everybrainmatters.org\/es\/#\/schema\/logo\/image\/\",\"url\":\"https:\/\/everybrainmatters.org\/wp-content\/uploads\/AllBrains_3.jpg\",\"contentUrl\":\"https:\/\/everybrainmatters.org\/wp-content\/uploads\/AllBrains_3.jpg\",\"width\":1000,\"height\":1087,\"caption\":\"Every Brain Matters\"},\"image\":{\"@id\":\"https:\/\/everybrainmatters.org\/es\/#\/schema\/logo\/image\/\"}},{\"@type\":\"Person\",\"@id\":\"https:\/\/everybrainmatters.org\/es\/#\/schema\/person\/4cf0fe82b0d1917ec6e18fb94bdb1b5a\",\"name\":\"Aubree Adams\",\"url\":\"https:\/\/everybrainmatters.org\/es\/author\/aubree\/\"}]}<\/script>\n<!-- \/ Yoast SEO plugin. -->","yoast_head_json":{"title":"Mi hijo fue un estudiante v\u00edctima del tiroteo de Parkland. Ahora es adicto al THC legalizado a nivel federal, que provoca psicosis. - Every Brain Matters","robots":{"index":"index","follow":"follow","max-snippet":"max-snippet:-1","max-image-preview":"max-image-preview:large","max-video-preview":"max-video-preview:-1"},"canonical":"https:\/\/everybrainmatters.org\/es\/2023\/12\/27\/mi-hijo-fue-un-estudiante-victima-del-tiroteo-de-parkland-ahora-es-adicto-al-thc-legalizado-a-nivel-federal-que-provoca-psicosis\/","og_locale":"es_ES","og_type":"article","og_title":"Mi hijo fue un estudiante v\u00edctima del tiroteo de Parkland. Ahora es adicto al THC legalizado a nivel federal, que provoca psicosis. - Every Brain Matters","og_description":"Soy Emma, de Colombia, madre soltera divorciada de un estudiante v\u00edctima del tiroteo en el instituto Marjory Stoneman Douglas de...","og_url":"https:\/\/everybrainmatters.org\/es\/2023\/12\/27\/mi-hijo-fue-un-estudiante-victima-del-tiroteo-de-parkland-ahora-es-adicto-al-thc-legalizado-a-nivel-federal-que-provoca-psicosis\/","og_site_name":"Every Brain Matters","article_published_time":"2023-12-27T17:04:54+00:00","article_modified_time":"2025-11-04T19:37:00+00:00","og_image":[{"width":1280,"height":720,"url":"https:\/\/everybrainmatters.org\/wp-content\/uploads\/Emma-Monica-Giraldo-1.png","type":"image\/png"}],"author":"Aubree Adams","twitter_card":"summary_large_image","twitter_misc":{"Written by":"Aubree Adams","Est. reading time":"2 minutos"},"schema":{"@context":"https:\/\/schema.org","@graph":[{"@type":"Article","@id":"https:\/\/everybrainmatters.org\/es\/2023\/12\/27\/mi-hijo-fue-un-estudiante-victima-del-tiroteo-de-parkland-ahora-es-adicto-al-thc-legalizado-a-nivel-federal-que-provoca-psicosis\/#article","isPartOf":{"@id":"https:\/\/everybrainmatters.org\/es\/2023\/12\/27\/mi-hijo-fue-un-estudiante-victima-del-tiroteo-de-parkland-ahora-es-adicto-al-thc-legalizado-a-nivel-federal-que-provoca-psicosis\/"},"author":{"name":"Aubree Adams","@id":"https:\/\/everybrainmatters.org\/es\/#\/schema\/person\/4cf0fe82b0d1917ec6e18fb94bdb1b5a"},"headline":"Mi hijo fue un estudiante v\u00edctima del tiroteo de Parkland. Ahora es adicto al THC legalizado a nivel federal, que provoca psicosis.","datePublished":"2023-12-27T17:04:54+00:00","dateModified":"2025-11-04T19:37:00+00:00","mainEntityOfPage":{"@id":"https:\/\/everybrainmatters.org\/es\/2023\/12\/27\/mi-hijo-fue-un-estudiante-victima-del-tiroteo-de-parkland-ahora-es-adicto-al-thc-legalizado-a-nivel-federal-que-provoca-psicosis\/"},"wordCount":466,"commentCount":0,"publisher":{"@id":"https:\/\/everybrainmatters.org\/es\/#organization"},"image":{"@id":"https:\/\/everybrainmatters.org\/es\/2023\/12\/27\/mi-hijo-fue-un-estudiante-victima-del-tiroteo-de-parkland-ahora-es-adicto-al-thc-legalizado-a-nivel-federal-que-provoca-psicosis\/#primaryimage"},"thumbnailUrl":"https:\/\/everybrainmatters.org\/wp-content\/uploads\/Emma-Monica-Giraldo-1.png","keywords":["Adicci\u00f3n","Cada cerebro importa","c\u00e1\u00f1amo","Cannabis","psicosis","salud mental","THC"],"articleSection":["Adicci\u00f3n a la marihuana","Delta 8","Impactos en la juventud","Psicosis","psicosis inducida por cannabis","Testimonios"],"inLanguage":"es-ES","potentialAction":[{"@type":"CommentAction","name":"Comment","target":["https:\/\/everybrainmatters.org\/es\/2023\/12\/27\/mi-hijo-fue-un-estudiante-victima-del-tiroteo-de-parkland-ahora-es-adicto-al-thc-legalizado-a-nivel-federal-que-provoca-psicosis\/#respond"]}]},{"@type":"WebPage","@id":"https:\/\/everybrainmatters.org\/es\/2023\/12\/27\/mi-hijo-fue-un-estudiante-victima-del-tiroteo-de-parkland-ahora-es-adicto-al-thc-legalizado-a-nivel-federal-que-provoca-psicosis\/","url":"https:\/\/everybrainmatters.org\/es\/2023\/12\/27\/mi-hijo-fue-un-estudiante-victima-del-tiroteo-de-parkland-ahora-es-adicto-al-thc-legalizado-a-nivel-federal-que-provoca-psicosis\/","name":"Mi hijo fue un estudiante v\u00edctima del tiroteo de Parkland. Ahora es adicto al THC legalizado a nivel federal, que provoca psicosis. - Every Brain Matters","isPartOf":{"@id":"https:\/\/everybrainmatters.org\/es\/#website"},"primaryImageOfPage":{"@id":"https:\/\/everybrainmatters.org\/es\/2023\/12\/27\/mi-hijo-fue-un-estudiante-victima-del-tiroteo-de-parkland-ahora-es-adicto-al-thc-legalizado-a-nivel-federal-que-provoca-psicosis\/#primaryimage"},"image":{"@id":"https:\/\/everybrainmatters.org\/es\/2023\/12\/27\/mi-hijo-fue-un-estudiante-victima-del-tiroteo-de-parkland-ahora-es-adicto-al-thc-legalizado-a-nivel-federal-que-provoca-psicosis\/#primaryimage"},"thumbnailUrl":"https:\/\/everybrainmatters.org\/wp-content\/uploads\/Emma-Monica-Giraldo-1.png","datePublished":"2023-12-27T17:04:54+00:00","dateModified":"2025-11-04T19:37:00+00:00","breadcrumb":{"@id":"https:\/\/everybrainmatters.org\/es\/2023\/12\/27\/mi-hijo-fue-un-estudiante-victima-del-tiroteo-de-parkland-ahora-es-adicto-al-thc-legalizado-a-nivel-federal-que-provoca-psicosis\/#breadcrumb"},"inLanguage":"es-ES","potentialAction":[{"@type":"ReadAction","target":["https:\/\/everybrainmatters.org\/es\/2023\/12\/27\/mi-hijo-fue-un-estudiante-victima-del-tiroteo-de-parkland-ahora-es-adicto-al-thc-legalizado-a-nivel-federal-que-provoca-psicosis\/"]}]},{"@type":"ImageObject","inLanguage":"es-ES","@id":"https:\/\/everybrainmatters.org\/es\/2023\/12\/27\/mi-hijo-fue-un-estudiante-victima-del-tiroteo-de-parkland-ahora-es-adicto-al-thc-legalizado-a-nivel-federal-que-provoca-psicosis\/#primaryimage","url":"https:\/\/everybrainmatters.org\/wp-content\/uploads\/Emma-Monica-Giraldo-1.png","contentUrl":"https:\/\/everybrainmatters.org\/wp-content\/uploads\/Emma-Monica-Giraldo-1.png","width":1280,"height":720},{"@type":"BreadcrumbList","@id":"https:\/\/everybrainmatters.org\/es\/2023\/12\/27\/mi-hijo-fue-un-estudiante-victima-del-tiroteo-de-parkland-ahora-es-adicto-al-thc-legalizado-a-nivel-federal-que-provoca-psicosis\/#breadcrumb","itemListElement":[{"@type":"ListItem","position":1,"name":"Home","item":"https:\/\/everybrainmatters.org\/es\/"},{"@type":"ListItem","position":2,"name":"Mi hijo fue un estudiante v\u00edctima del tiroteo de Parkland. Ahora es adicto al THC legalizado a nivel federal, que provoca psicosis."}]},{"@type":"WebSite","@id":"https:\/\/everybrainmatters.org\/es\/#website","url":"https:\/\/everybrainmatters.org\/es\/","name":"Every Brain Matters","description":"","publisher":{"@id":"https:\/\/everybrainmatters.org\/es\/#organization"},"potentialAction":[{"@type":"SearchAction","target":{"@type":"EntryPoint","urlTemplate":"https:\/\/everybrainmatters.org\/es\/?s={search_term_string}"},"query-input":{"@type":"PropertyValueSpecification","valueRequired":true,"valueName":"search_term_string"}}],"inLanguage":"es-ES"},{"@type":"Organization","@id":"https:\/\/everybrainmatters.org\/es\/#organization","name":"Every Brain Matters","url":"https:\/\/everybrainmatters.org\/es\/","logo":{"@type":"ImageObject","inLanguage":"es-ES","@id":"https:\/\/everybrainmatters.org\/es\/#\/schema\/logo\/image\/","url":"https:\/\/everybrainmatters.org\/wp-content\/uploads\/AllBrains_3.jpg","contentUrl":"https:\/\/everybrainmatters.org\/wp-content\/uploads\/AllBrains_3.jpg","width":1000,"height":1087,"caption":"Every Brain Matters"},"image":{"@id":"https:\/\/everybrainmatters.org\/es\/#\/schema\/logo\/image\/"}},{"@type":"Person","@id":"https:\/\/everybrainmatters.org\/es\/#\/schema\/person\/4cf0fe82b0d1917ec6e18fb94bdb1b5a","name":"Aubree Adams","url":"https:\/\/everybrainmatters.org\/es\/author\/aubree\/"}]}},"_links":{"self":[{"href":"https:\/\/everybrainmatters.org\/es\/wp-json\/wp\/v2\/posts\/47624","targetHints":{"allow":["GET"]}}],"collection":[{"href":"https:\/\/everybrainmatters.org\/es\/wp-json\/wp\/v2\/posts"}],"about":[{"href":"https:\/\/everybrainmatters.org\/es\/wp-json\/wp\/v2\/types\/post"}],"author":[{"embeddable":true,"href":"https:\/\/everybrainmatters.org\/es\/wp-json\/wp\/v2\/users\/11"}],"replies":[{"embeddable":true,"href":"https:\/\/everybrainmatters.org\/es\/wp-json\/wp\/v2\/comments?post=47624"}],"version-history":[{"count":0,"href":"https:\/\/everybrainmatters.org\/es\/wp-json\/wp\/v2\/posts\/47624\/revisions"}],"wp:featuredmedia":[{"embeddable":true,"href":"https:\/\/everybrainmatters.org\/es\/wp-json\/wp\/v2\/media\/47626"}],"wp:attachment":[{"href":"https:\/\/everybrainmatters.org\/es\/wp-json\/wp\/v2\/media?parent=47624"}],"wp:term":[{"taxonomy":"category","embeddable":true,"href":"https:\/\/everybrainmatters.org\/es\/wp-json\/wp\/v2\/categories?post=47624"},{"taxonomy":"post_tag","embeddable":true,"href":"https:\/\/everybrainmatters.org\/es\/wp-json\/wp\/v2\/tags?post=47624"}],"curies":[{"name":"wp","href":"https:\/\/api.w.org\/{rel}","templated":true}]}}