{"id":51520,"date":"2021-12-29T09:56:57","date_gmt":"2021-12-29T15:56:57","guid":{"rendered":"https:\/\/everybrainmatters.org\/2021\/12\/29\/mayor-riesgo-de-infeccion-intercurrente-por-covid-19-en-pacientes-totalmente-vacunados-con-trastorno-por-consumo-de-cannabis\/"},"modified":"2025-11-04T14:36:08","modified_gmt":"2025-11-04T20:36:08","slug":"mayor-riesgo-de-infeccion-intercurrente-por-covid-19-en-pacientes-totalmente-vacunados-con-trastorno-por-consumo-de-cannabis","status":"publish","type":"post","link":"https:\/\/everybrainmatters.org\/es\/2021\/12\/29\/mayor-riesgo-de-infeccion-intercurrente-por-covid-19-en-pacientes-totalmente-vacunados-con-trastorno-por-consumo-de-cannabis\/","title":{"rendered":"Mayor riesgo de infecci\u00f3n intercurrente por COVID-19 en pacientes totalmente vacunados con trastorno por consumo de cannabis"},"content":{"rendered":"\n<p><strong><em>Cada Cerebro Importa Pasa a la Acci\u00f3n y \u00a1necesitamos tu ayuda!<\/em><\/strong><\/p>\n\n<p>Ahora, en nuestro sitio, encontrar\u00e1s <a href=\"https:\/\/everybrainmatters.org\/letters-to-legislators\/\">cartas profesionales bien documentadas<\/a> que abordan la ciencia que hay detr\u00e1s de los muchos da\u00f1os de la marihuana, para que las env\u00edes a tus legisladores, m\u00e9dicos, socios comerciales, ayuntamiento o a quien creas que necesita leerlas. Todas ellas est\u00e1n revisadas por expertos, son gratuitas y han sido aprobadas por un equipo de m\u00e9dicos e investigadores. <\/p>\n\n<p>Estas cartas han sido recopiladas para nuestro equipo de EBM Advocacy por profesionales de la medicina y la investigaci\u00f3n, y ahora est\u00e1n disponibles para su uso. Forman parte de un proyecto continuo para educar al Congreso dirigido por miembros de EBM Advocacy y abarcan una amplia variedad de temas: <\/p>\n\n<p>Estimado :<\/p>\n\n<p><strong>El 15\/7\/2021, el Cirujano General emiti\u00f3 una advertencia sobre la desinformaci\u00f3n sanitaria. Se refer\u00eda al Coronavirus, pero la desinformaci\u00f3n est\u00e1 costando vidas en las drogas, la adicci\u00f3n y el consumo de marihuana.   <\/strong><\/p>\n\n<p>Hoy me pongo en contacto contigo para compartir la pol\u00edtica sanitaria sobre la marihuana basada en datos cient\u00edficos. Mi objetivo es <strong>proporcionarte datos e investigaciones que apoyen tus esfuerzos para hacer avanzar una legislaci\u00f3n que promueva la salud p\u00fablica y la seguridad de todos los estadounidenses<\/strong>.   <\/p>\n\n<p>Puede que te hayan dicho que la marihuana es inofensiva e incluso segura.<strong> Esto no podr\u00eda estar m\u00e1s lejos de la verdad.<\/strong> <strong>La ciencia de los da\u00f1os de la marihuana no es discutible<\/strong>. Las afirmaciones anecd\u00f3ticas y los informes no cient\u00edficos no son pruebas suficientes para seguir legalizando\/promoviendo el consumo de marihuana.   <\/p>\n\n<p>Todos los productos farmac\u00e9uticos aprobados por la FDA se han sometido a los rigores cient\u00edficos, protegiendo a los estadounidenses durante m\u00e1s de un siglo. Existen productos relacionados con la marihuana aprobados por la FDA desde 1985 (dronabinol = THC, Marinol\u00ae, versiones gen\u00e9ricas) y 2018 (cannabidiol = CBD, Epidiolex\u00ae). Estos productos se <strong>han<\/strong> sometido a los rigores cient\u00edficos de la investigaci\u00f3n m\u00e9dica, a diferencia de la marihuana y los actuales productos de \u00abventa al por menor de CBD\u00bb <em>-que no est\u00e1n regulados por la FDA-<\/em> que se venden en muchos estados a un p\u00fablico desinformado.  <\/p>\n\n<p>El objetivo de esta comunicaci\u00f3n, y de futuras comunicaciones, es proporcionarte pruebas cient\u00edficas revisadas por expertos sobre los numerosos peligros de la marihuana. El 11 de enero de 1964, el Cirujano General emiti\u00f3 un aviso sobre el tabaco basado en la revisi\u00f3n de 7.000 publicaciones m\u00e9dicas. Hasta la fecha, existen m\u00e1s de 37.500 art\u00edculos sobre informes de investigaci\u00f3n de la marihuana en la Biblioteca Nacional de Medicina del Instituto Nacional de Salud <em>(.ncbi.nlm.nih.gov\/?term=marijuana<\/em>).  <\/p>\n\n<p>El 29\/8\/2019, el Cirujano General <em>subray\u00f3 \u00abla importancia de proteger a nuestra Naci\u00f3n de los riesgos para la salud del consumo de marihuana en la adolescencia y durante el embarazo. Los recientes aumentos en el acceso a la marihuana y en su potencia, junto con las percepciones err\u00f3neas sobre la seguridad de la marihuana ponen en peligro nuestro recurso m\u00e1s preciado, la juventud de nuestra naci\u00f3n.\u00bb <\/em> <\/p>\n\n<p><a href=\"https:\/\/www.hhs.gov\/surgeongeneral\/reports-and-publications\/addiction-and-substance-misuse\/advisory-on-marijuana-use-and-developing-brain\/index.html\">Aviso del Cirujano General de EE.UU: El consumo de marihuana y el cerebro en desarrollo | HHS.gov<\/a><\/p>\n\n<p>Adjuntamos un art\u00edculo cient\u00edfico accesible revisado por expertos sobre el tema del <strong>aumento del riesgo de infecci\u00f3n intercurrente por COVID-19 en pacientes totalmente vacunados con trastornos por consumo de sustancias en Estados Unidos entre diciembre de 2020 y agosto de 2021.<\/strong><\/p>\n\n<p><a href=\"https:\/\/pubmed.ncbi.nlm.nih.gov\/34612005\/\">https:\/\/pubmed.ncbi.nlm.nih.gov\/34612005\/<\/a><\/p>\n\n<ul class=\"wp-block-list\"><li>Los tres puntos clave:<\/li><\/ul>\n\n<p>1. S\u00f3lo el trastorno por consumo de marihuana -no los opi\u00e1ceos, el alcohol o la coca\u00edna- confiere un riesgo significativamente mayor de casos de enfermedad irruptiva Covid entre las poblaciones vacunadas en comparaci\u00f3n con las no vacunadas por trastorno por consumo de sustancias (TUS), tras controlar otras covariables.  <\/p>\n\n<p>2. El riesgo de infecci\u00f3n irruptiva por COVID fue m\u00e1s del DOBLE en la poblaci\u00f3n con consumo excesivo de cannabis que en la poblaci\u00f3n sin consumo excesivo (7,8% frente a 3,6%) (p&lt;0,001).<\/p>\n\n<p>3. Hubo un 55% m\u00e1s de riesgo de infecci\u00f3n intercurrente en el trastorno por consumo de cannabis, a pesar de que eran m\u00e1s j\u00f3venes y ten\u00edan menos comorbilidades que otros subtipos de TES, a pesar de que se les equipar\u00f3 en cuanto a determinantes socioecon\u00f3micos adversos de la salud y afecciones m\u00e9dicas com\u00f3rbidas con los pacientes no TES. Esto puede estar asociado a que el grupo del cannabis tiene efectos negativos adicionales observados previamente con el cannabis en los sistemas pulmonar e inmunitario. <\/p>\n\n<p>Gracias por leer la carta y el art\u00edculo cient\u00edfico revisado por pares que la acompa\u00f1a. Si puedes ayudarme a encontrar alg\u00fan art\u00edculo cient\u00edfico revisado por pares que demuestre que <strong>la marihuana disminuye el riesgo de infecciones por COVID -19 a pesar de recibir las vacunas COVID, <\/strong>por favor, env\u00edamelo. <\/p>\n\n<p>Saludos,<\/p>\n","protected":false},"excerpt":{"rendered":"<p>Cada Cerebro Importa Pasa a la Acci\u00f3n y \u00a1necesitamos tu ayuda! Ahora, en nuestro sitio, encontrar\u00e1s cartas profesionales bien documentadas&#8230;<\/p>\n","protected":false},"author":11,"featured_media":51526,"comment_status":"open","ping_status":"closed","sticky":false,"template":"","format":"standard","meta":{"_acf_changed":false,"_editorskit_title_hidden":false,"_editorskit_reading_time":0,"_editorskit_is_block_options_detached":false,"_editorskit_block_options_position":"{}","footnotes":""},"categories":[3184],"tags":[3260,3134,3186,3153,3453,3299,3256],"class_list":["post-51520","post","type-post","status-publish","format-standard","has-post-thumbnail","hentry","category-campana-de-cartas-profesionales","tag-abuso-de-drogas","tag-cada-cerebro-importa","tag-campana-profesional-de-redaccion-de-cartas","tag-cannabis","tag-covid-19","tag-cud","tag-trastorno-por-consumo-de-cannabis"],"acf":[],"yoast_head":"<!-- This site is optimized with the Yoast SEO plugin v26.1.1 - https:\/\/yoast.com\/wordpress\/plugins\/seo\/ -->\n<title>Mayor riesgo de infecci\u00f3n intercurrente por COVID-19 en pacientes totalmente vacunados con trastorno por consumo de cannabis - Every Brain Matters<\/title>\n<meta name=\"robots\" content=\"index, follow, max-snippet:-1, max-image-preview:large, max-video-preview:-1\" \/>\n<link rel=\"canonical\" href=\"https:\/\/everybrainmatters.org\/es\/2021\/12\/29\/mayor-riesgo-de-infeccion-intercurrente-por-covid-19-en-pacientes-totalmente-vacunados-con-trastorno-por-consumo-de-cannabis\/\" \/>\n<meta property=\"og:locale\" content=\"es_ES\" \/>\n<meta property=\"og:type\" content=\"article\" \/>\n<meta property=\"og:title\" content=\"Mayor riesgo de infecci\u00f3n intercurrente por COVID-19 en pacientes totalmente vacunados con trastorno por consumo de cannabis - Every Brain Matters\" \/>\n<meta property=\"og:description\" content=\"Cada Cerebro Importa Pasa a la Acci\u00f3n y \u00a1necesitamos tu ayuda! Ahora, en nuestro sitio, encontrar\u00e1s cartas profesionales bien documentadas...\" \/>\n<meta property=\"og:url\" content=\"https:\/\/everybrainmatters.org\/es\/2021\/12\/29\/mayor-riesgo-de-infeccion-intercurrente-por-covid-19-en-pacientes-totalmente-vacunados-con-trastorno-por-consumo-de-cannabis\/\" \/>\n<meta property=\"og:site_name\" content=\"Every Brain Matters\" \/>\n<meta property=\"article:published_time\" content=\"2021-12-29T15:56:57+00:00\" \/>\n<meta property=\"article:modified_time\" content=\"2025-11-04T20:36:08+00:00\" \/>\n<meta property=\"og:image\" content=\"https:\/\/everybrainmatters.org\/wp-content\/uploads\/October-2021-Increase-risk-for-COVID-19-breakthrough-infection-in-full-vaccinated-patients-with-cannabis-use-disorder-1.png\" \/>\n\t<meta property=\"og:image:width\" content=\"4968\" \/>\n\t<meta property=\"og:image:height\" content=\"3139\" \/>\n\t<meta property=\"og:image:type\" content=\"image\/png\" \/>\n<meta name=\"author\" content=\"Aubree Adams\" \/>\n<meta name=\"twitter:card\" content=\"summary_large_image\" \/>\n<meta name=\"twitter:label1\" content=\"Written by\" \/>\n\t<meta name=\"twitter:data1\" content=\"Aubree Adams\" \/>\n\t<meta name=\"twitter:label2\" content=\"Est. reading time\" \/>\n\t<meta name=\"twitter:data2\" content=\"4 minutos\" \/>\n<script type=\"application\/ld+json\" class=\"yoast-schema-graph\">{\"@context\":\"https:\/\/schema.org\",\"@graph\":[{\"@type\":\"Article\",\"@id\":\"https:\/\/everybrainmatters.org\/es\/2021\/12\/29\/mayor-riesgo-de-infeccion-intercurrente-por-covid-19-en-pacientes-totalmente-vacunados-con-trastorno-por-consumo-de-cannabis\/#article\",\"isPartOf\":{\"@id\":\"https:\/\/everybrainmatters.org\/es\/2021\/12\/29\/mayor-riesgo-de-infeccion-intercurrente-por-covid-19-en-pacientes-totalmente-vacunados-con-trastorno-por-consumo-de-cannabis\/\"},\"author\":{\"name\":\"Aubree Adams\",\"@id\":\"https:\/\/everybrainmatters.org\/es\/#\/schema\/person\/4cf0fe82b0d1917ec6e18fb94bdb1b5a\"},\"headline\":\"Mayor riesgo de infecci\u00f3n intercurrente por COVID-19 en pacientes totalmente vacunados con trastorno por consumo de cannabis\",\"datePublished\":\"2021-12-29T15:56:57+00:00\",\"dateModified\":\"2025-11-04T20:36:08+00:00\",\"mainEntityOfPage\":{\"@id\":\"https:\/\/everybrainmatters.org\/es\/2021\/12\/29\/mayor-riesgo-de-infeccion-intercurrente-por-covid-19-en-pacientes-totalmente-vacunados-con-trastorno-por-consumo-de-cannabis\/\"},\"wordCount\":842,\"commentCount\":0,\"publisher\":{\"@id\":\"https:\/\/everybrainmatters.org\/es\/#organization\"},\"image\":{\"@id\":\"https:\/\/everybrainmatters.org\/es\/2021\/12\/29\/mayor-riesgo-de-infeccion-intercurrente-por-covid-19-en-pacientes-totalmente-vacunados-con-trastorno-por-consumo-de-cannabis\/#primaryimage\"},\"thumbnailUrl\":\"https:\/\/everybrainmatters.org\/wp-content\/uploads\/October-2021-Increase-risk-for-COVID-19-breakthrough-infection-in-full-vaccinated-patients-with-cannabis-use-disorder-1.png\",\"keywords\":[\"abuso de drogas\",\"Cada cerebro importa\",\"Campa\u00f1a profesional de redacci\u00f3n de cartas\",\"Cannabis\",\"COVID-19\",\"CUD\",\"Trastorno por consumo de cannabis\"],\"articleSection\":[\"Campa\u00f1a de cartas profesionales\"],\"inLanguage\":\"es-ES\",\"potentialAction\":[{\"@type\":\"CommentAction\",\"name\":\"Comment\",\"target\":[\"https:\/\/everybrainmatters.org\/es\/2021\/12\/29\/mayor-riesgo-de-infeccion-intercurrente-por-covid-19-en-pacientes-totalmente-vacunados-con-trastorno-por-consumo-de-cannabis\/#respond\"]}]},{\"@type\":\"WebPage\",\"@id\":\"https:\/\/everybrainmatters.org\/es\/2021\/12\/29\/mayor-riesgo-de-infeccion-intercurrente-por-covid-19-en-pacientes-totalmente-vacunados-con-trastorno-por-consumo-de-cannabis\/\",\"url\":\"https:\/\/everybrainmatters.org\/es\/2021\/12\/29\/mayor-riesgo-de-infeccion-intercurrente-por-covid-19-en-pacientes-totalmente-vacunados-con-trastorno-por-consumo-de-cannabis\/\",\"name\":\"Mayor riesgo de infecci\u00f3n intercurrente por COVID-19 en pacientes totalmente vacunados con trastorno por consumo de cannabis - Every Brain Matters\",\"isPartOf\":{\"@id\":\"https:\/\/everybrainmatters.org\/es\/#website\"},\"primaryImageOfPage\":{\"@id\":\"https:\/\/everybrainmatters.org\/es\/2021\/12\/29\/mayor-riesgo-de-infeccion-intercurrente-por-covid-19-en-pacientes-totalmente-vacunados-con-trastorno-por-consumo-de-cannabis\/#primaryimage\"},\"image\":{\"@id\":\"https:\/\/everybrainmatters.org\/es\/2021\/12\/29\/mayor-riesgo-de-infeccion-intercurrente-por-covid-19-en-pacientes-totalmente-vacunados-con-trastorno-por-consumo-de-cannabis\/#primaryimage\"},\"thumbnailUrl\":\"https:\/\/everybrainmatters.org\/wp-content\/uploads\/October-2021-Increase-risk-for-COVID-19-breakthrough-infection-in-full-vaccinated-patients-with-cannabis-use-disorder-1.png\",\"datePublished\":\"2021-12-29T15:56:57+00:00\",\"dateModified\":\"2025-11-04T20:36:08+00:00\",\"breadcrumb\":{\"@id\":\"https:\/\/everybrainmatters.org\/es\/2021\/12\/29\/mayor-riesgo-de-infeccion-intercurrente-por-covid-19-en-pacientes-totalmente-vacunados-con-trastorno-por-consumo-de-cannabis\/#breadcrumb\"},\"inLanguage\":\"es-ES\",\"potentialAction\":[{\"@type\":\"ReadAction\",\"target\":[\"https:\/\/everybrainmatters.org\/es\/2021\/12\/29\/mayor-riesgo-de-infeccion-intercurrente-por-covid-19-en-pacientes-totalmente-vacunados-con-trastorno-por-consumo-de-cannabis\/\"]}]},{\"@type\":\"ImageObject\",\"inLanguage\":\"es-ES\",\"@id\":\"https:\/\/everybrainmatters.org\/es\/2021\/12\/29\/mayor-riesgo-de-infeccion-intercurrente-por-covid-19-en-pacientes-totalmente-vacunados-con-trastorno-por-consumo-de-cannabis\/#primaryimage\",\"url\":\"https:\/\/everybrainmatters.org\/wp-content\/uploads\/October-2021-Increase-risk-for-COVID-19-breakthrough-infection-in-full-vaccinated-patients-with-cannabis-use-disorder-1.png\",\"contentUrl\":\"https:\/\/everybrainmatters.org\/wp-content\/uploads\/October-2021-Increase-risk-for-COVID-19-breakthrough-infection-in-full-vaccinated-patients-with-cannabis-use-disorder-1.png\",\"width\":4968,\"height\":3139},{\"@type\":\"BreadcrumbList\",\"@id\":\"https:\/\/everybrainmatters.org\/es\/2021\/12\/29\/mayor-riesgo-de-infeccion-intercurrente-por-covid-19-en-pacientes-totalmente-vacunados-con-trastorno-por-consumo-de-cannabis\/#breadcrumb\",\"itemListElement\":[{\"@type\":\"ListItem\",\"position\":1,\"name\":\"Home\",\"item\":\"https:\/\/everybrainmatters.org\/es\/\"},{\"@type\":\"ListItem\",\"position\":2,\"name\":\"Mayor riesgo de infecci\u00f3n intercurrente por COVID-19 en pacientes totalmente vacunados con trastorno por consumo de cannabis\"}]},{\"@type\":\"WebSite\",\"@id\":\"https:\/\/everybrainmatters.org\/es\/#website\",\"url\":\"https:\/\/everybrainmatters.org\/es\/\",\"name\":\"Every Brain Matters\",\"description\":\"\",\"publisher\":{\"@id\":\"https:\/\/everybrainmatters.org\/es\/#organization\"},\"potentialAction\":[{\"@type\":\"SearchAction\",\"target\":{\"@type\":\"EntryPoint\",\"urlTemplate\":\"https:\/\/everybrainmatters.org\/es\/?s={search_term_string}\"},\"query-input\":{\"@type\":\"PropertyValueSpecification\",\"valueRequired\":true,\"valueName\":\"search_term_string\"}}],\"inLanguage\":\"es-ES\"},{\"@type\":\"Organization\",\"@id\":\"https:\/\/everybrainmatters.org\/es\/#organization\",\"name\":\"Every Brain Matters\",\"url\":\"https:\/\/everybrainmatters.org\/es\/\",\"logo\":{\"@type\":\"ImageObject\",\"inLanguage\":\"es-ES\",\"@id\":\"https:\/\/everybrainmatters.org\/es\/#\/schema\/logo\/image\/\",\"url\":\"https:\/\/everybrainmatters.org\/wp-content\/uploads\/AllBrains_3.jpg\",\"contentUrl\":\"https:\/\/everybrainmatters.org\/wp-content\/uploads\/AllBrains_3.jpg\",\"width\":1000,\"height\":1087,\"caption\":\"Every Brain Matters\"},\"image\":{\"@id\":\"https:\/\/everybrainmatters.org\/es\/#\/schema\/logo\/image\/\"}},{\"@type\":\"Person\",\"@id\":\"https:\/\/everybrainmatters.org\/es\/#\/schema\/person\/4cf0fe82b0d1917ec6e18fb94bdb1b5a\",\"name\":\"Aubree Adams\",\"url\":\"https:\/\/everybrainmatters.org\/es\/author\/aubree\/\"}]}<\/script>\n<!-- \/ Yoast SEO plugin. -->","yoast_head_json":{"title":"Mayor riesgo de infecci\u00f3n intercurrente por COVID-19 en pacientes totalmente vacunados con trastorno por consumo de cannabis - Every Brain Matters","robots":{"index":"index","follow":"follow","max-snippet":"max-snippet:-1","max-image-preview":"max-image-preview:large","max-video-preview":"max-video-preview:-1"},"canonical":"https:\/\/everybrainmatters.org\/es\/2021\/12\/29\/mayor-riesgo-de-infeccion-intercurrente-por-covid-19-en-pacientes-totalmente-vacunados-con-trastorno-por-consumo-de-cannabis\/","og_locale":"es_ES","og_type":"article","og_title":"Mayor riesgo de infecci\u00f3n intercurrente por COVID-19 en pacientes totalmente vacunados con trastorno por consumo de cannabis - Every Brain Matters","og_description":"Cada Cerebro Importa Pasa a la Acci\u00f3n y \u00a1necesitamos tu ayuda! Ahora, en nuestro sitio, encontrar\u00e1s cartas profesionales bien documentadas...","og_url":"https:\/\/everybrainmatters.org\/es\/2021\/12\/29\/mayor-riesgo-de-infeccion-intercurrente-por-covid-19-en-pacientes-totalmente-vacunados-con-trastorno-por-consumo-de-cannabis\/","og_site_name":"Every Brain Matters","article_published_time":"2021-12-29T15:56:57+00:00","article_modified_time":"2025-11-04T20:36:08+00:00","og_image":[{"width":4968,"height":3139,"url":"https:\/\/everybrainmatters.org\/wp-content\/uploads\/October-2021-Increase-risk-for-COVID-19-breakthrough-infection-in-full-vaccinated-patients-with-cannabis-use-disorder-1.png","type":"image\/png"}],"author":"Aubree Adams","twitter_card":"summary_large_image","twitter_misc":{"Written by":"Aubree Adams","Est. reading time":"4 minutos"},"schema":{"@context":"https:\/\/schema.org","@graph":[{"@type":"Article","@id":"https:\/\/everybrainmatters.org\/es\/2021\/12\/29\/mayor-riesgo-de-infeccion-intercurrente-por-covid-19-en-pacientes-totalmente-vacunados-con-trastorno-por-consumo-de-cannabis\/#article","isPartOf":{"@id":"https:\/\/everybrainmatters.org\/es\/2021\/12\/29\/mayor-riesgo-de-infeccion-intercurrente-por-covid-19-en-pacientes-totalmente-vacunados-con-trastorno-por-consumo-de-cannabis\/"},"author":{"name":"Aubree Adams","@id":"https:\/\/everybrainmatters.org\/es\/#\/schema\/person\/4cf0fe82b0d1917ec6e18fb94bdb1b5a"},"headline":"Mayor riesgo de infecci\u00f3n intercurrente por COVID-19 en pacientes totalmente vacunados con trastorno por consumo de cannabis","datePublished":"2021-12-29T15:56:57+00:00","dateModified":"2025-11-04T20:36:08+00:00","mainEntityOfPage":{"@id":"https:\/\/everybrainmatters.org\/es\/2021\/12\/29\/mayor-riesgo-de-infeccion-intercurrente-por-covid-19-en-pacientes-totalmente-vacunados-con-trastorno-por-consumo-de-cannabis\/"},"wordCount":842,"commentCount":0,"publisher":{"@id":"https:\/\/everybrainmatters.org\/es\/#organization"},"image":{"@id":"https:\/\/everybrainmatters.org\/es\/2021\/12\/29\/mayor-riesgo-de-infeccion-intercurrente-por-covid-19-en-pacientes-totalmente-vacunados-con-trastorno-por-consumo-de-cannabis\/#primaryimage"},"thumbnailUrl":"https:\/\/everybrainmatters.org\/wp-content\/uploads\/October-2021-Increase-risk-for-COVID-19-breakthrough-infection-in-full-vaccinated-patients-with-cannabis-use-disorder-1.png","keywords":["abuso de drogas","Cada cerebro importa","Campa\u00f1a profesional de redacci\u00f3n de cartas","Cannabis","COVID-19","CUD","Trastorno por consumo de cannabis"],"articleSection":["Campa\u00f1a de cartas profesionales"],"inLanguage":"es-ES","potentialAction":[{"@type":"CommentAction","name":"Comment","target":["https:\/\/everybrainmatters.org\/es\/2021\/12\/29\/mayor-riesgo-de-infeccion-intercurrente-por-covid-19-en-pacientes-totalmente-vacunados-con-trastorno-por-consumo-de-cannabis\/#respond"]}]},{"@type":"WebPage","@id":"https:\/\/everybrainmatters.org\/es\/2021\/12\/29\/mayor-riesgo-de-infeccion-intercurrente-por-covid-19-en-pacientes-totalmente-vacunados-con-trastorno-por-consumo-de-cannabis\/","url":"https:\/\/everybrainmatters.org\/es\/2021\/12\/29\/mayor-riesgo-de-infeccion-intercurrente-por-covid-19-en-pacientes-totalmente-vacunados-con-trastorno-por-consumo-de-cannabis\/","name":"Mayor riesgo de infecci\u00f3n intercurrente por COVID-19 en pacientes totalmente vacunados con trastorno por consumo de cannabis - Every Brain Matters","isPartOf":{"@id":"https:\/\/everybrainmatters.org\/es\/#website"},"primaryImageOfPage":{"@id":"https:\/\/everybrainmatters.org\/es\/2021\/12\/29\/mayor-riesgo-de-infeccion-intercurrente-por-covid-19-en-pacientes-totalmente-vacunados-con-trastorno-por-consumo-de-cannabis\/#primaryimage"},"image":{"@id":"https:\/\/everybrainmatters.org\/es\/2021\/12\/29\/mayor-riesgo-de-infeccion-intercurrente-por-covid-19-en-pacientes-totalmente-vacunados-con-trastorno-por-consumo-de-cannabis\/#primaryimage"},"thumbnailUrl":"https:\/\/everybrainmatters.org\/wp-content\/uploads\/October-2021-Increase-risk-for-COVID-19-breakthrough-infection-in-full-vaccinated-patients-with-cannabis-use-disorder-1.png","datePublished":"2021-12-29T15:56:57+00:00","dateModified":"2025-11-04T20:36:08+00:00","breadcrumb":{"@id":"https:\/\/everybrainmatters.org\/es\/2021\/12\/29\/mayor-riesgo-de-infeccion-intercurrente-por-covid-19-en-pacientes-totalmente-vacunados-con-trastorno-por-consumo-de-cannabis\/#breadcrumb"},"inLanguage":"es-ES","potentialAction":[{"@type":"ReadAction","target":["https:\/\/everybrainmatters.org\/es\/2021\/12\/29\/mayor-riesgo-de-infeccion-intercurrente-por-covid-19-en-pacientes-totalmente-vacunados-con-trastorno-por-consumo-de-cannabis\/"]}]},{"@type":"ImageObject","inLanguage":"es-ES","@id":"https:\/\/everybrainmatters.org\/es\/2021\/12\/29\/mayor-riesgo-de-infeccion-intercurrente-por-covid-19-en-pacientes-totalmente-vacunados-con-trastorno-por-consumo-de-cannabis\/#primaryimage","url":"https:\/\/everybrainmatters.org\/wp-content\/uploads\/October-2021-Increase-risk-for-COVID-19-breakthrough-infection-in-full-vaccinated-patients-with-cannabis-use-disorder-1.png","contentUrl":"https:\/\/everybrainmatters.org\/wp-content\/uploads\/October-2021-Increase-risk-for-COVID-19-breakthrough-infection-in-full-vaccinated-patients-with-cannabis-use-disorder-1.png","width":4968,"height":3139},{"@type":"BreadcrumbList","@id":"https:\/\/everybrainmatters.org\/es\/2021\/12\/29\/mayor-riesgo-de-infeccion-intercurrente-por-covid-19-en-pacientes-totalmente-vacunados-con-trastorno-por-consumo-de-cannabis\/#breadcrumb","itemListElement":[{"@type":"ListItem","position":1,"name":"Home","item":"https:\/\/everybrainmatters.org\/es\/"},{"@type":"ListItem","position":2,"name":"Mayor riesgo de infecci\u00f3n intercurrente por COVID-19 en pacientes totalmente vacunados con trastorno por consumo de cannabis"}]},{"@type":"WebSite","@id":"https:\/\/everybrainmatters.org\/es\/#website","url":"https:\/\/everybrainmatters.org\/es\/","name":"Every Brain Matters","description":"","publisher":{"@id":"https:\/\/everybrainmatters.org\/es\/#organization"},"potentialAction":[{"@type":"SearchAction","target":{"@type":"EntryPoint","urlTemplate":"https:\/\/everybrainmatters.org\/es\/?s={search_term_string}"},"query-input":{"@type":"PropertyValueSpecification","valueRequired":true,"valueName":"search_term_string"}}],"inLanguage":"es-ES"},{"@type":"Organization","@id":"https:\/\/everybrainmatters.org\/es\/#organization","name":"Every Brain Matters","url":"https:\/\/everybrainmatters.org\/es\/","logo":{"@type":"ImageObject","inLanguage":"es-ES","@id":"https:\/\/everybrainmatters.org\/es\/#\/schema\/logo\/image\/","url":"https:\/\/everybrainmatters.org\/wp-content\/uploads\/AllBrains_3.jpg","contentUrl":"https:\/\/everybrainmatters.org\/wp-content\/uploads\/AllBrains_3.jpg","width":1000,"height":1087,"caption":"Every Brain Matters"},"image":{"@id":"https:\/\/everybrainmatters.org\/es\/#\/schema\/logo\/image\/"}},{"@type":"Person","@id":"https:\/\/everybrainmatters.org\/es\/#\/schema\/person\/4cf0fe82b0d1917ec6e18fb94bdb1b5a","name":"Aubree Adams","url":"https:\/\/everybrainmatters.org\/es\/author\/aubree\/"}]}},"_links":{"self":[{"href":"https:\/\/everybrainmatters.org\/es\/wp-json\/wp\/v2\/posts\/51520","targetHints":{"allow":["GET"]}}],"collection":[{"href":"https:\/\/everybrainmatters.org\/es\/wp-json\/wp\/v2\/posts"}],"about":[{"href":"https:\/\/everybrainmatters.org\/es\/wp-json\/wp\/v2\/types\/post"}],"author":[{"embeddable":true,"href":"https:\/\/everybrainmatters.org\/es\/wp-json\/wp\/v2\/users\/11"}],"replies":[{"embeddable":true,"href":"https:\/\/everybrainmatters.org\/es\/wp-json\/wp\/v2\/comments?post=51520"}],"version-history":[{"count":0,"href":"https:\/\/everybrainmatters.org\/es\/wp-json\/wp\/v2\/posts\/51520\/revisions"}],"wp:featuredmedia":[{"embeddable":true,"href":"https:\/\/everybrainmatters.org\/es\/wp-json\/wp\/v2\/media\/51526"}],"wp:attachment":[{"href":"https:\/\/everybrainmatters.org\/es\/wp-json\/wp\/v2\/media?parent=51520"}],"wp:term":[{"taxonomy":"category","embeddable":true,"href":"https:\/\/everybrainmatters.org\/es\/wp-json\/wp\/v2\/categories?post=51520"},{"taxonomy":"post_tag","embeddable":true,"href":"https:\/\/everybrainmatters.org\/es\/wp-json\/wp\/v2\/tags?post=51520"}],"curies":[{"name":"wp","href":"https:\/\/api.w.org\/{rel}","templated":true}]}}