{"id":51570,"date":"2021-07-22T12:44:49","date_gmt":"2021-07-22T17:44:49","guid":{"rendered":"https:\/\/everybrainmatters.org\/2021\/07\/22\/asociacion-de-las-tendencias-de-suicidalidad-con-el-consumo-de-cannabis\/"},"modified":"2025-11-04T14:36:53","modified_gmt":"2025-11-04T20:36:53","slug":"asociacion-de-las-tendencias-de-suicidalidad-con-el-consumo-de-cannabis","status":"publish","type":"post","link":"https:\/\/everybrainmatters.org\/es\/2021\/07\/22\/asociacion-de-las-tendencias-de-suicidalidad-con-el-consumo-de-cannabis\/","title":{"rendered":"Asociaci\u00f3n de las Tendencias de Suicidalidad con el Consumo de Cannabis &#8230;"},"content":{"rendered":"\n<p class=\"has-text-color has-medium-font-size\" style=\"color:#f30d33\"><strong><em>Cada Cerebro Importa Pasa a la Acci\u00f3n y \u00a1necesitamos tu ayuda!<\/em><\/strong><\/p>\n\n<p>Ahora, en nuestro sitio, encontrar\u00e1s <a href=\"https:\/\/everybrainmatters.org\/letters-to-legislators\/\">cartas profesionales bien documentadas<\/a> que abordan la ciencia que hay detr\u00e1s de los muchos da\u00f1os de la marihuana, para que las env\u00edes a tus legisladores, m\u00e9dicos, socios comerciales, ayuntamiento o a quien creas que necesita leerlas. Todas ellas est\u00e1n revisadas por expertos, son gratuitas y han sido aprobadas por un equipo de m\u00e9dicos e investigadores. <\/p>\n\n<p>Estas cartas han sido recopiladas para nuestro equipo de EBM Advocacy por profesionales de la medicina y la investigaci\u00f3n, y ahora est\u00e1n disponibles para su uso. Forman parte de un proyecto continuo para educar al Congreso dirigido por miembros de EBM Advocacy y abarcan una amplia variedad de temas: <\/p>\n\n<p><strong>Julio<\/strong> 2021<\/p>\n\n<p>Estimado<\/p>\n\n<p>Me dirijo hoy a ti porque estoy muy preocupada por las familias y comunidades estadounidenses en relaci\u00f3n con la amplia comercializaci\u00f3n y legalizaci\u00f3n de la marihuana y la cultura de expansi\u00f3n de las drogas.<\/p>\n\n<p>Me pongo en contacto contigo con datos y datos cient\u00edficos <strong>revisados por expertos<\/strong> porque la proliferaci\u00f3n desenfrenada de la marihuana en nuestras comunidades nos ha afectado negativamente. Mi objetivo es <g id=\"gid_1\">proporcionar a los responsables pol\u00edticos datos e investigaciones que apoyen vuestros esfuerzos para hacer avanzar una legislaci\u00f3n que promueva la salud p\u00fablica y la seguridad de todos los estadounidenses<\/g>. Creo que los art\u00edculos adjuntos podr\u00edan serte \u00fatiles para seguir aprobando una legislaci\u00f3n informada sobre la marihuana y otras drogas.  <\/p>\n\n<p>El lobby de la marihuana promueve agresivamente una agenda que aumentar\u00eda el acceso y la disponibilidad de productos adictivos de alta potencia. Al igual que a las grandes tabacaleras, no les preocupa la ciencia ni las repercusiones sociales, s\u00f3lo los beneficios. Es posible que te hayan dicho que la marihuana es inofensiva e incluso segura, pero esto no podr\u00eda estar m\u00e1s lejos de la realidad. La <strong>ciencia de los da\u00f1os de la marihuana no es discutible<\/strong>.    <\/p>\n\n<p>Existe la creencia popular de que la marihuana es medicinal; sin embargo, las afirmaciones anecd\u00f3ticas y los informes no cient\u00edficos no son pruebas suficientes para seguir legalizando\/promoviendo el consumo de marihuana. Todos los productos farmac\u00e9uticos aprobados por la FDA se han sometido a rigores cient\u00edficos, algunos de los cuales comenzaron hace m\u00e1s de un siglo.   <\/p>\n\n<p>Existen productos relacionados con la marihuana <strong>aprobados por la FDA <\/strong>desde 1985 (dronabinol = THC, Marinol\u00ae, versiones gen\u00e9ricas) y 2018 (cannabidiol = CBD, Epidiolex\u00ae). Estos productos se <strong>han<\/strong> sometido a los rigores cient\u00edficos de la investigaci\u00f3n m\u00e9dica, a diferencia de la marihuana y los actuales productos de \u00abventa al por menor de CBD\u00bb <em>-que no est\u00e1n regulados por la FDA-<\/em> que se venden en muchos estados a un p\u00fablico desinformado. <\/p>\n\n<p>El objetivo de este correo electr\u00f3nico, y de los futuros, es proporcionarte pruebas cient\u00edficas revisadas por expertos sobre los numerosos peligros de la marihuana. Hasta la fecha, existen m\u00e1s de 36.200 art\u00edculos sobre la investigaci\u00f3n de la marihuana en la Biblioteca Nacional de Medicina del Instituto Nacional de Salud <em>(.ncbi.nlm.nih.gov\/?term=marijuana<\/em>).   <\/p>\n\n<p>Adjuntamos el art\u00edculo cient\u00edfico revisado por pares de este mes sobre el tema de que <strong>el cannabis no es apropiado para la depresi\u00f3n y es un riesgo de suicidio <\/strong>:  <\/p>\n\n<p>Hahn B, et al. Asociaciones de tendencias suicidas con el consumo de cannabis en funci\u00f3n del sexo y el estado de depresi\u00f3n. JAMA Network Open. 2021 Jun; 4(6): e2113025. Publicado online 2021 Jun 22. doi: <a href=\"https:\/\/dx.doi.org\/10.1001%2Fjamanetworkopen.2021.13025\">10.1001\/jamanetworkopen.2021.13025<\/a>     <\/p>\n\n<p><a href=\"https:\/\/www.ncbi.nlm.nih.gov\/pmc\/articles\/PMC8220498\">https:\/\/www.ncbi.nlm.nih.gov\/pmc\/articles\/PMC8220498<\/a><\/p>\n\n<p><strong>Aqu\u00ed tienes tres datos importantes de este art\u00edculo para tu consideraci\u00f3n.  <\/strong><\/p>\n\n<ol class=\"wp-block-list\" type=\"1\"><li><em>De 2008 a 2019, la ideaci\u00f3n, el plan y el intento de suicidio aumentaron entre un 40% y un 60% por encima de los aumentos atribuidos al consumo de cannabis y al MDE (episodio depresivo mayor).<\/em><\/li><li><strong><em>Usuarios no diarios<\/em><\/strong><em>los consumidores diarios y los que padec\u00edan C<\/em><em>UD (trastorno por consumo de cannabis), se asociaron con una mayor prevalencia de ideaci\u00f3n, plan e intento de suicidio de forma m\u00e1s significativa en las mujeres que en los hombres.<\/em><\/li><li><em>Dado que la prevalencia del <strong>CUD<\/strong> aumenta con el tiempo transcurrido desde el inicio del consumo entre los adultos j\u00f3venes (de 18 a 34 a\u00f1os), los resultados del trabajo subrayan la necesidad urgente de intervenciones de prevenci\u00f3n dise\u00f1adas espec\u00edficamente para los j\u00f3venes <strong>antes de la primera exposici\u00f3n al cannabis<\/strong> y destacan la importancia <strong>de la detecci\u00f3n precoz del consumo diario de cannabis y del CUD<\/strong>, as\u00ed como, del tratamiento del CUD, especialmente entre las mujeres j\u00f3venes.<\/em><\/li><\/ol>\n\n<p>Gracias por leer mi carta y los art\u00edculos cient\u00edficos revisados por pares que la acompa\u00f1an. Si puedes ayudarnos a encontrar alg\u00fan art\u00edculo cient\u00edfico revisado por expertos que demuestre que <g id=\"gid_0\">el cannabis es eficaz para la depresi\u00f3n y reduce la incidencia del suicidio, especialmente en las mujeres que consumen cannabis <\/g>, por favor, env\u00edamelo. Simplemente responde a este correo electr\u00f3nico.  <\/p>\n\n<p>Gracias de antemano por tu atenci\u00f3n a este asunto tan grave.<\/p>\n\n<p><strong><a href=\"https:\/\/everybrainmatters.org\/letters-to-legislators\/\" target=\"_blank\" rel=\"noreferrer noopener\">T<\/a><a href=\"https:\/\/everybrainmatters.org\/es\/campana-de-cartas-profesionales\/\" target=\"_blank\" rel=\"noreferrer noopener\">ara ver y enviar m\u00e1s cartas, haz clic en este enlace.<\/a><\/strong><\/p>\n","protected":false},"excerpt":{"rendered":"<p>Cada Cerebro Importa Pasa a la Acci\u00f3n y \u00a1necesitamos tu ayuda! Ahora, en nuestro sitio, encontrar\u00e1s cartas profesionales bien documentadas&#8230;<\/p>\n","protected":false},"author":11,"featured_media":51572,"comment_status":"open","ping_status":"closed","sticky":false,"template":"","format":"standard","meta":{"_acf_changed":false,"_editorskit_title_hidden":false,"_editorskit_reading_time":0,"_editorskit_is_block_options_detached":false,"_editorskit_block_options_position":"{}","footnotes":""},"categories":[3184],"tags":[3134,3186,3132,3195],"class_list":["post-51570","post","type-post","status-publish","format-standard","has-post-thumbnail","hentry","category-campana-de-cartas-profesionales","tag-cada-cerebro-importa","tag-campana-profesional-de-redaccion-de-cartas","tag-marihuana","tag-suicidio"],"acf":[],"yoast_head":"<!-- This site is optimized with the Yoast SEO plugin v26.1.1 - https:\/\/yoast.com\/wordpress\/plugins\/seo\/ -->\n<title>Asociaci\u00f3n de las Tendencias de Suicidalidad con el Consumo de Cannabis ... - Every Brain Matters<\/title>\n<meta name=\"robots\" content=\"index, follow, max-snippet:-1, max-image-preview:large, max-video-preview:-1\" \/>\n<link rel=\"canonical\" href=\"https:\/\/everybrainmatters.org\/es\/2021\/07\/22\/asociacion-de-las-tendencias-de-suicidalidad-con-el-consumo-de-cannabis\/\" \/>\n<meta property=\"og:locale\" content=\"es_ES\" \/>\n<meta property=\"og:type\" content=\"article\" \/>\n<meta property=\"og:title\" content=\"Asociaci\u00f3n de las Tendencias de Suicidalidad con el Consumo de Cannabis ... - Every Brain Matters\" \/>\n<meta property=\"og:description\" content=\"Cada Cerebro Importa Pasa a la Acci\u00f3n y \u00a1necesitamos tu ayuda! Ahora, en nuestro sitio, encontrar\u00e1s cartas profesionales bien documentadas...\" \/>\n<meta property=\"og:url\" content=\"https:\/\/everybrainmatters.org\/es\/2021\/07\/22\/asociacion-de-las-tendencias-de-suicidalidad-con-el-consumo-de-cannabis\/\" \/>\n<meta property=\"og:site_name\" content=\"Every Brain Matters\" \/>\n<meta property=\"article:published_time\" content=\"2021-07-22T17:44:49+00:00\" \/>\n<meta property=\"article:modified_time\" content=\"2025-11-04T20:36:53+00:00\" \/>\n<meta property=\"og:image\" content=\"https:\/\/everybrainmatters.org\/wp-content\/uploads\/July-2021-CALL-TO-ACTION-Association-of-Suicidality-Trends-with-Cannabis-Use-\u2026.png\" \/>\n\t<meta property=\"og:image:width\" content=\"1200\" \/>\n\t<meta property=\"og:image:height\" content=\"1200\" \/>\n\t<meta property=\"og:image:type\" content=\"image\/png\" \/>\n<meta name=\"author\" content=\"Aubree Adams\" \/>\n<meta name=\"twitter:card\" content=\"summary_large_image\" \/>\n<meta name=\"twitter:label1\" content=\"Written by\" \/>\n\t<meta name=\"twitter:data1\" content=\"Aubree Adams\" \/>\n\t<meta name=\"twitter:label2\" content=\"Est. reading time\" \/>\n\t<meta name=\"twitter:data2\" content=\"4 minutos\" \/>\n<script type=\"application\/ld+json\" class=\"yoast-schema-graph\">{\"@context\":\"https:\/\/schema.org\",\"@graph\":[{\"@type\":\"Article\",\"@id\":\"https:\/\/everybrainmatters.org\/es\/2021\/07\/22\/asociacion-de-las-tendencias-de-suicidalidad-con-el-consumo-de-cannabis\/#article\",\"isPartOf\":{\"@id\":\"https:\/\/everybrainmatters.org\/es\/2021\/07\/22\/asociacion-de-las-tendencias-de-suicidalidad-con-el-consumo-de-cannabis\/\"},\"author\":{\"name\":\"Aubree Adams\",\"@id\":\"https:\/\/everybrainmatters.org\/es\/#\/schema\/person\/4cf0fe82b0d1917ec6e18fb94bdb1b5a\"},\"headline\":\"Asociaci\u00f3n de las Tendencias de Suicidalidad con el Consumo de Cannabis &#8230;\",\"datePublished\":\"2021-07-22T17:44:49+00:00\",\"dateModified\":\"2025-11-04T20:36:53+00:00\",\"mainEntityOfPage\":{\"@id\":\"https:\/\/everybrainmatters.org\/es\/2021\/07\/22\/asociacion-de-las-tendencias-de-suicidalidad-con-el-consumo-de-cannabis\/\"},\"wordCount\":882,\"commentCount\":0,\"publisher\":{\"@id\":\"https:\/\/everybrainmatters.org\/es\/#organization\"},\"image\":{\"@id\":\"https:\/\/everybrainmatters.org\/es\/2021\/07\/22\/asociacion-de-las-tendencias-de-suicidalidad-con-el-consumo-de-cannabis\/#primaryimage\"},\"thumbnailUrl\":\"https:\/\/everybrainmatters.org\/wp-content\/uploads\/July-2021-CALL-TO-ACTION-Association-of-Suicidality-Trends-with-Cannabis-Use-\u2026.png\",\"keywords\":[\"Cada cerebro importa\",\"Campa\u00f1a profesional de redacci\u00f3n de cartas\",\"Marihuana\",\"Suicidio\"],\"articleSection\":[\"Campa\u00f1a de cartas profesionales\"],\"inLanguage\":\"es-ES\",\"potentialAction\":[{\"@type\":\"CommentAction\",\"name\":\"Comment\",\"target\":[\"https:\/\/everybrainmatters.org\/es\/2021\/07\/22\/asociacion-de-las-tendencias-de-suicidalidad-con-el-consumo-de-cannabis\/#respond\"]}]},{\"@type\":\"WebPage\",\"@id\":\"https:\/\/everybrainmatters.org\/es\/2021\/07\/22\/asociacion-de-las-tendencias-de-suicidalidad-con-el-consumo-de-cannabis\/\",\"url\":\"https:\/\/everybrainmatters.org\/es\/2021\/07\/22\/asociacion-de-las-tendencias-de-suicidalidad-con-el-consumo-de-cannabis\/\",\"name\":\"Asociaci\u00f3n de las Tendencias de Suicidalidad con el Consumo de Cannabis ... - Every Brain Matters\",\"isPartOf\":{\"@id\":\"https:\/\/everybrainmatters.org\/es\/#website\"},\"primaryImageOfPage\":{\"@id\":\"https:\/\/everybrainmatters.org\/es\/2021\/07\/22\/asociacion-de-las-tendencias-de-suicidalidad-con-el-consumo-de-cannabis\/#primaryimage\"},\"image\":{\"@id\":\"https:\/\/everybrainmatters.org\/es\/2021\/07\/22\/asociacion-de-las-tendencias-de-suicidalidad-con-el-consumo-de-cannabis\/#primaryimage\"},\"thumbnailUrl\":\"https:\/\/everybrainmatters.org\/wp-content\/uploads\/July-2021-CALL-TO-ACTION-Association-of-Suicidality-Trends-with-Cannabis-Use-\u2026.png\",\"datePublished\":\"2021-07-22T17:44:49+00:00\",\"dateModified\":\"2025-11-04T20:36:53+00:00\",\"breadcrumb\":{\"@id\":\"https:\/\/everybrainmatters.org\/es\/2021\/07\/22\/asociacion-de-las-tendencias-de-suicidalidad-con-el-consumo-de-cannabis\/#breadcrumb\"},\"inLanguage\":\"es-ES\",\"potentialAction\":[{\"@type\":\"ReadAction\",\"target\":[\"https:\/\/everybrainmatters.org\/es\/2021\/07\/22\/asociacion-de-las-tendencias-de-suicidalidad-con-el-consumo-de-cannabis\/\"]}]},{\"@type\":\"ImageObject\",\"inLanguage\":\"es-ES\",\"@id\":\"https:\/\/everybrainmatters.org\/es\/2021\/07\/22\/asociacion-de-las-tendencias-de-suicidalidad-con-el-consumo-de-cannabis\/#primaryimage\",\"url\":\"https:\/\/everybrainmatters.org\/wp-content\/uploads\/July-2021-CALL-TO-ACTION-Association-of-Suicidality-Trends-with-Cannabis-Use-\u2026.png\",\"contentUrl\":\"https:\/\/everybrainmatters.org\/wp-content\/uploads\/July-2021-CALL-TO-ACTION-Association-of-Suicidality-Trends-with-Cannabis-Use-\u2026.png\",\"width\":1200,\"height\":1200},{\"@type\":\"BreadcrumbList\",\"@id\":\"https:\/\/everybrainmatters.org\/es\/2021\/07\/22\/asociacion-de-las-tendencias-de-suicidalidad-con-el-consumo-de-cannabis\/#breadcrumb\",\"itemListElement\":[{\"@type\":\"ListItem\",\"position\":1,\"name\":\"Home\",\"item\":\"https:\/\/everybrainmatters.org\/es\/\"},{\"@type\":\"ListItem\",\"position\":2,\"name\":\"Asociaci\u00f3n de las Tendencias de Suicidalidad con el Consumo de Cannabis &#8230;\"}]},{\"@type\":\"WebSite\",\"@id\":\"https:\/\/everybrainmatters.org\/es\/#website\",\"url\":\"https:\/\/everybrainmatters.org\/es\/\",\"name\":\"Every Brain Matters\",\"description\":\"\",\"publisher\":{\"@id\":\"https:\/\/everybrainmatters.org\/es\/#organization\"},\"potentialAction\":[{\"@type\":\"SearchAction\",\"target\":{\"@type\":\"EntryPoint\",\"urlTemplate\":\"https:\/\/everybrainmatters.org\/es\/?s={search_term_string}\"},\"query-input\":{\"@type\":\"PropertyValueSpecification\",\"valueRequired\":true,\"valueName\":\"search_term_string\"}}],\"inLanguage\":\"es-ES\"},{\"@type\":\"Organization\",\"@id\":\"https:\/\/everybrainmatters.org\/es\/#organization\",\"name\":\"Every Brain Matters\",\"url\":\"https:\/\/everybrainmatters.org\/es\/\",\"logo\":{\"@type\":\"ImageObject\",\"inLanguage\":\"es-ES\",\"@id\":\"https:\/\/everybrainmatters.org\/es\/#\/schema\/logo\/image\/\",\"url\":\"https:\/\/everybrainmatters.org\/wp-content\/uploads\/AllBrains_3.jpg\",\"contentUrl\":\"https:\/\/everybrainmatters.org\/wp-content\/uploads\/AllBrains_3.jpg\",\"width\":1000,\"height\":1087,\"caption\":\"Every Brain Matters\"},\"image\":{\"@id\":\"https:\/\/everybrainmatters.org\/es\/#\/schema\/logo\/image\/\"}},{\"@type\":\"Person\",\"@id\":\"https:\/\/everybrainmatters.org\/es\/#\/schema\/person\/4cf0fe82b0d1917ec6e18fb94bdb1b5a\",\"name\":\"Aubree Adams\",\"url\":\"https:\/\/everybrainmatters.org\/es\/author\/aubree\/\"}]}<\/script>\n<!-- \/ Yoast SEO plugin. -->","yoast_head_json":{"title":"Asociaci\u00f3n de las Tendencias de Suicidalidad con el Consumo de Cannabis ... - Every Brain Matters","robots":{"index":"index","follow":"follow","max-snippet":"max-snippet:-1","max-image-preview":"max-image-preview:large","max-video-preview":"max-video-preview:-1"},"canonical":"https:\/\/everybrainmatters.org\/es\/2021\/07\/22\/asociacion-de-las-tendencias-de-suicidalidad-con-el-consumo-de-cannabis\/","og_locale":"es_ES","og_type":"article","og_title":"Asociaci\u00f3n de las Tendencias de Suicidalidad con el Consumo de Cannabis ... - Every Brain Matters","og_description":"Cada Cerebro Importa Pasa a la Acci\u00f3n y \u00a1necesitamos tu ayuda! Ahora, en nuestro sitio, encontrar\u00e1s cartas profesionales bien documentadas...","og_url":"https:\/\/everybrainmatters.org\/es\/2021\/07\/22\/asociacion-de-las-tendencias-de-suicidalidad-con-el-consumo-de-cannabis\/","og_site_name":"Every Brain Matters","article_published_time":"2021-07-22T17:44:49+00:00","article_modified_time":"2025-11-04T20:36:53+00:00","og_image":[{"width":1200,"height":1200,"url":"https:\/\/everybrainmatters.org\/wp-content\/uploads\/July-2021-CALL-TO-ACTION-Association-of-Suicidality-Trends-with-Cannabis-Use-\u2026.png","type":"image\/png"}],"author":"Aubree Adams","twitter_card":"summary_large_image","twitter_misc":{"Written by":"Aubree Adams","Est. reading time":"4 minutos"},"schema":{"@context":"https:\/\/schema.org","@graph":[{"@type":"Article","@id":"https:\/\/everybrainmatters.org\/es\/2021\/07\/22\/asociacion-de-las-tendencias-de-suicidalidad-con-el-consumo-de-cannabis\/#article","isPartOf":{"@id":"https:\/\/everybrainmatters.org\/es\/2021\/07\/22\/asociacion-de-las-tendencias-de-suicidalidad-con-el-consumo-de-cannabis\/"},"author":{"name":"Aubree Adams","@id":"https:\/\/everybrainmatters.org\/es\/#\/schema\/person\/4cf0fe82b0d1917ec6e18fb94bdb1b5a"},"headline":"Asociaci\u00f3n de las Tendencias de Suicidalidad con el Consumo de Cannabis &#8230;","datePublished":"2021-07-22T17:44:49+00:00","dateModified":"2025-11-04T20:36:53+00:00","mainEntityOfPage":{"@id":"https:\/\/everybrainmatters.org\/es\/2021\/07\/22\/asociacion-de-las-tendencias-de-suicidalidad-con-el-consumo-de-cannabis\/"},"wordCount":882,"commentCount":0,"publisher":{"@id":"https:\/\/everybrainmatters.org\/es\/#organization"},"image":{"@id":"https:\/\/everybrainmatters.org\/es\/2021\/07\/22\/asociacion-de-las-tendencias-de-suicidalidad-con-el-consumo-de-cannabis\/#primaryimage"},"thumbnailUrl":"https:\/\/everybrainmatters.org\/wp-content\/uploads\/July-2021-CALL-TO-ACTION-Association-of-Suicidality-Trends-with-Cannabis-Use-\u2026.png","keywords":["Cada cerebro importa","Campa\u00f1a profesional de redacci\u00f3n de cartas","Marihuana","Suicidio"],"articleSection":["Campa\u00f1a de cartas profesionales"],"inLanguage":"es-ES","potentialAction":[{"@type":"CommentAction","name":"Comment","target":["https:\/\/everybrainmatters.org\/es\/2021\/07\/22\/asociacion-de-las-tendencias-de-suicidalidad-con-el-consumo-de-cannabis\/#respond"]}]},{"@type":"WebPage","@id":"https:\/\/everybrainmatters.org\/es\/2021\/07\/22\/asociacion-de-las-tendencias-de-suicidalidad-con-el-consumo-de-cannabis\/","url":"https:\/\/everybrainmatters.org\/es\/2021\/07\/22\/asociacion-de-las-tendencias-de-suicidalidad-con-el-consumo-de-cannabis\/","name":"Asociaci\u00f3n de las Tendencias de Suicidalidad con el Consumo de Cannabis ... - Every Brain Matters","isPartOf":{"@id":"https:\/\/everybrainmatters.org\/es\/#website"},"primaryImageOfPage":{"@id":"https:\/\/everybrainmatters.org\/es\/2021\/07\/22\/asociacion-de-las-tendencias-de-suicidalidad-con-el-consumo-de-cannabis\/#primaryimage"},"image":{"@id":"https:\/\/everybrainmatters.org\/es\/2021\/07\/22\/asociacion-de-las-tendencias-de-suicidalidad-con-el-consumo-de-cannabis\/#primaryimage"},"thumbnailUrl":"https:\/\/everybrainmatters.org\/wp-content\/uploads\/July-2021-CALL-TO-ACTION-Association-of-Suicidality-Trends-with-Cannabis-Use-\u2026.png","datePublished":"2021-07-22T17:44:49+00:00","dateModified":"2025-11-04T20:36:53+00:00","breadcrumb":{"@id":"https:\/\/everybrainmatters.org\/es\/2021\/07\/22\/asociacion-de-las-tendencias-de-suicidalidad-con-el-consumo-de-cannabis\/#breadcrumb"},"inLanguage":"es-ES","potentialAction":[{"@type":"ReadAction","target":["https:\/\/everybrainmatters.org\/es\/2021\/07\/22\/asociacion-de-las-tendencias-de-suicidalidad-con-el-consumo-de-cannabis\/"]}]},{"@type":"ImageObject","inLanguage":"es-ES","@id":"https:\/\/everybrainmatters.org\/es\/2021\/07\/22\/asociacion-de-las-tendencias-de-suicidalidad-con-el-consumo-de-cannabis\/#primaryimage","url":"https:\/\/everybrainmatters.org\/wp-content\/uploads\/July-2021-CALL-TO-ACTION-Association-of-Suicidality-Trends-with-Cannabis-Use-\u2026.png","contentUrl":"https:\/\/everybrainmatters.org\/wp-content\/uploads\/July-2021-CALL-TO-ACTION-Association-of-Suicidality-Trends-with-Cannabis-Use-\u2026.png","width":1200,"height":1200},{"@type":"BreadcrumbList","@id":"https:\/\/everybrainmatters.org\/es\/2021\/07\/22\/asociacion-de-las-tendencias-de-suicidalidad-con-el-consumo-de-cannabis\/#breadcrumb","itemListElement":[{"@type":"ListItem","position":1,"name":"Home","item":"https:\/\/everybrainmatters.org\/es\/"},{"@type":"ListItem","position":2,"name":"Asociaci\u00f3n de las Tendencias de Suicidalidad con el Consumo de Cannabis &#8230;"}]},{"@type":"WebSite","@id":"https:\/\/everybrainmatters.org\/es\/#website","url":"https:\/\/everybrainmatters.org\/es\/","name":"Every Brain Matters","description":"","publisher":{"@id":"https:\/\/everybrainmatters.org\/es\/#organization"},"potentialAction":[{"@type":"SearchAction","target":{"@type":"EntryPoint","urlTemplate":"https:\/\/everybrainmatters.org\/es\/?s={search_term_string}"},"query-input":{"@type":"PropertyValueSpecification","valueRequired":true,"valueName":"search_term_string"}}],"inLanguage":"es-ES"},{"@type":"Organization","@id":"https:\/\/everybrainmatters.org\/es\/#organization","name":"Every Brain Matters","url":"https:\/\/everybrainmatters.org\/es\/","logo":{"@type":"ImageObject","inLanguage":"es-ES","@id":"https:\/\/everybrainmatters.org\/es\/#\/schema\/logo\/image\/","url":"https:\/\/everybrainmatters.org\/wp-content\/uploads\/AllBrains_3.jpg","contentUrl":"https:\/\/everybrainmatters.org\/wp-content\/uploads\/AllBrains_3.jpg","width":1000,"height":1087,"caption":"Every Brain Matters"},"image":{"@id":"https:\/\/everybrainmatters.org\/es\/#\/schema\/logo\/image\/"}},{"@type":"Person","@id":"https:\/\/everybrainmatters.org\/es\/#\/schema\/person\/4cf0fe82b0d1917ec6e18fb94bdb1b5a","name":"Aubree Adams","url":"https:\/\/everybrainmatters.org\/es\/author\/aubree\/"}]}},"_links":{"self":[{"href":"https:\/\/everybrainmatters.org\/es\/wp-json\/wp\/v2\/posts\/51570","targetHints":{"allow":["GET"]}}],"collection":[{"href":"https:\/\/everybrainmatters.org\/es\/wp-json\/wp\/v2\/posts"}],"about":[{"href":"https:\/\/everybrainmatters.org\/es\/wp-json\/wp\/v2\/types\/post"}],"author":[{"embeddable":true,"href":"https:\/\/everybrainmatters.org\/es\/wp-json\/wp\/v2\/users\/11"}],"replies":[{"embeddable":true,"href":"https:\/\/everybrainmatters.org\/es\/wp-json\/wp\/v2\/comments?post=51570"}],"version-history":[{"count":0,"href":"https:\/\/everybrainmatters.org\/es\/wp-json\/wp\/v2\/posts\/51570\/revisions"}],"wp:featuredmedia":[{"embeddable":true,"href":"https:\/\/everybrainmatters.org\/es\/wp-json\/wp\/v2\/media\/51572"}],"wp:attachment":[{"href":"https:\/\/everybrainmatters.org\/es\/wp-json\/wp\/v2\/media?parent=51570"}],"wp:term":[{"taxonomy":"category","embeddable":true,"href":"https:\/\/everybrainmatters.org\/es\/wp-json\/wp\/v2\/categories?post=51570"},{"taxonomy":"post_tag","embeddable":true,"href":"https:\/\/everybrainmatters.org\/es\/wp-json\/wp\/v2\/tags?post=51570"}],"curies":[{"name":"wp","href":"https:\/\/api.w.org\/{rel}","templated":true}]}}